{"id":1411,"date":"2019-12-26T13:05:10","date_gmt":"2019-12-26T17:05:10","guid":{"rendered":"http:\/\/colegiosantacecilia.cl\/new\/?p=1411"},"modified":"2019-12-28T14:49:02","modified_gmt":"2019-12-28T18:49:02","slug":"fotos-graduacion-kinder","status":"publish","type":"post","link":"http:\/\/colegiosantacecilia.cl\/new\/fotos-graduacion-kinder\/","title":{"rendered":"Liturgia Graduaci\u00f3n K\u00ednder"},"content":{"rendered":"<p>Una alegre celebraci\u00f3n tuvieron las estudiantes de K\u00ednder quienes recibieron su diploma de t\u00e9rmino de ciclo en una Liturgia, instancia en donde en la compa\u00f1\u00eda de sus padres y familiares pudieron demostrar habilidades aprendidas durante estos dos a\u00f1os de Ense\u00f1anza Pre B\u00e1sica a trav\u00e9s de la participaci\u00f3n en lecturas y cantos.<\/p>\n<p><a href=\"https:\/\/www.flickr.com\/photos\/colegiosantacecilia\/albums\/72157712333735363\">Ver todas las fotos aqu\u00ed.<\/a><\/p>\n","protected":false},"excerpt":{"rendered":"<p>Una alegre celebraci\u00f3n tuvieron las estudiantes de K\u00ednder quienes recibieron su diploma de t\u00e9rmino de ciclo en una Liturgia, instancia en donde en la compa\u00f1\u00eda de sus padres y familiares pudieron demostrar habilidades aprendidas durante estos dos a\u00f1os de Ense\u00f1anza Pre B\u00e1sica a trav\u00e9s de la participaci\u00f3n en lecturas y [&hellip;]<\/p>\n","protected":false},"author":1,"featured_media":1406,"comment_status":"closed","ping_status":"closed","sticky":false,"template":"","format":"standard","meta":{"footnotes":""},"categories":[3],"tags":[],"class_list":["post-1411","post","type-post","status-publish","format-standard","has-post-thumbnail","hentry","category-noticias"],"views":1272,"_links":{"self":[{"href":"http:\/\/colegiosantacecilia.cl\/new\/wp-json\/wp\/v2\/posts\/1411","targetHints":{"allow":["GET"]}}],"collection":[{"href":"http:\/\/colegiosantacecilia.cl\/new\/wp-json\/wp\/v2\/posts"}],"about":[{"href":"http:\/\/colegiosantacecilia.cl\/new\/wp-json\/wp\/v2\/types\/post"}],"author":[{"embeddable":true,"href":"http:\/\/colegiosantacecilia.cl\/new\/wp-json\/wp\/v2\/users\/1"}],"replies":[{"embeddable":true,"href":"http:\/\/colegiosantacecilia.cl\/new\/wp-json\/wp\/v2\/comments?post=1411"}],"version-history":[{"count":4,"href":"http:\/\/colegiosantacecilia.cl\/new\/wp-json\/wp\/v2\/posts\/1411\/revisions"}],"predecessor-version":[{"id":1417,"href":"http:\/\/colegiosantacecilia.cl\/new\/wp-json\/wp\/v2\/posts\/1411\/revisions\/1417"}],"wp:featuredmedia":[{"embeddable":true,"href":"http:\/\/colegiosantacecilia.cl\/new\/wp-json\/wp\/v2\/media\/1406"}],"wp:attachment":[{"href":"http:\/\/colegiosantacecilia.cl\/new\/wp-json\/wp\/v2\/media?parent=1411"}],"wp:term":[{"taxonomy":"category","embeddable":true,"href":"http:\/\/colegiosantacecilia.cl\/new\/wp-json\/wp\/v2\/categories?post=1411"},{"taxonomy":"post_tag","embeddable":true,"href":"http:\/\/colegiosantacecilia.cl\/new\/wp-json\/wp\/v2\/tags?post=1411"}],"curies":[{"name":"wp","href":"https:\/\/api.w.org\/{rel}","templated":true}]}}