{"id":2213,"date":"2020-07-31T16:04:52","date_gmt":"2020-07-31T20:04:52","guid":{"rendered":"http:\/\/colegiosantacecilia.cl\/new\/?p=2213"},"modified":"2020-07-31T17:49:18","modified_gmt":"2020-07-31T21:49:18","slug":"efemerides-dia-de-la-amistad","status":"publish","type":"post","link":"http:\/\/colegiosantacecilia.cl\/new\/efemerides-dia-de-la-amistad\/","title":{"rendered":"Efem\u00e9rides: D\u00eda de la amistad\u00a0"},"content":{"rendered":"<p>El 30 de julio se celebra en todo el mundo el D\u00eda Internacional de la Amistad, en honor a ese sentimiento desinteresado que hoy m\u00e1s que nunca necesitamos reforzar, el cual es capaz de unir a personas muy diferentes, romper fronteras\u00a0 y\u00a0 tender lazos de solidaridad.<\/p>\n<p>Este sentimiento es tan poderoso por su naturaleza misma de bondad que el cine y\u00a0 la literatura se han encargado de contar bellas historias de amistad en todo tipo de contextos. Historias como El Principito, El ni\u00f1o con el pijama de rayas, la saga de Harry Potter, entre otros. Han pasado de los libros al cine para contarnos las diversas haza\u00f1as que realizan grandes personajes quienes acompa\u00f1ados siempre por buenos amigos, logran sus objetivos y aportan\u00a0 hermosos mensajes y aprendizajes a nuestra sociedad.<\/p>\n<p>Por esto,\u00a0 pa\u00edses, sobre todo de Am\u00e9rica del Sur,\u00a0 celebran desde hace mucho tiempo el D\u00eda de la Amistad, variando las fechas entre unos y otros. El 20 de julio, los argentinos, brasile\u00f1os y uruguayos celebran el D\u00eda del Amigo. Paraguay y Espa\u00f1a lo celebran el 30 de julio. Per\u00fa ha elegido el primer s\u00e1bado de julio. Y en La India rinden homenaje a la Amistad el primer domingo de agosto.<\/p>\n<p>No obstante, el reconocimiento oficial lleg\u00f3 de parte de la Asamblea General de Naciones Unidas en 2011, cuando proclam\u00f3 el 30 de julio como el D\u00eda Internacional de la Amistad, a propuesta de la Cruzada Mundial de la Amistad.<\/p>\n<p><iframe title=\"D\u00eda Internacional de la Amistad\" width=\"750\" height=\"422\" src=\"https:\/\/www.youtube.com\/embed\/iHNe7CeSPFY?feature=oembed\" frameborder=\"0\" allow=\"accelerometer; autoplay; encrypted-media; gyroscope; picture-in-picture\" allowfullscreen><\/iframe><\/p>\n<p><strong>\u00bfC\u00f3mo puedes celebrar el D\u00eda de la Amistad?<\/strong><\/p>\n<p>Los amigos son las personas que cada uno elegimos para pasar tiempo de ocio. Ellos nos escuchan, les escuchamos, nos re\u00edmos y compartimos actividades que nos gustan en conjunto. Confiamos en ellos para contar nuestras alegr\u00edas y nuestras penas. Siempre est\u00e1n ah\u00ed cuando los necesitamos. As\u00ed que, por qu\u00e9 no celebrar el D\u00eda Internacional de la Amistad reuniendo virtualmente a un grupo de amigos y pasando tiempo juntos en esta cuarentena. Tengas muchos o solo unos pocos amigos, seguro que puedes reunir a un grupo online y celebrar la amistad. Puedes charlar, ver pel\u00edculas inspiradas en la amistad, jugar o compartir actividades que a todos les gusten.<\/p>\n<p>Y tambi\u00e9n puedes compartir las fotos y videos que hayan tomado juntas usando los hashtags:<\/p>\n<p>#DiaDeLaAmistad #DiaDeLosAmigos #DiaInternacionalDeLaAmistad.<\/p>\n<p>Y ya solo nos queda desearte \u00a1Feliz D\u00eda de la Amistad!<\/p>\n","protected":false},"excerpt":{"rendered":"<p>El 30 de julio se celebra en todo el mundo el D\u00eda Internacional de la Amistad, en honor a ese sentimiento desinteresado que hoy m\u00e1s que nunca necesitamos reforzar, el cual es capaz de unir a personas muy diferentes, romper fronteras\u00a0 y\u00a0 tender lazos de solidaridad. Este sentimiento es tan [&hellip;]<\/p>\n","protected":false},"author":1,"featured_media":2214,"comment_status":"closed","ping_status":"closed","sticky":false,"template":"","format":"standard","meta":{"footnotes":""},"categories":[36],"tags":[],"class_list":["post-2213","post","type-post","status-publish","format-standard","has-post-thumbnail","hentry","category-efemerides"],"views":3104,"_links":{"self":[{"href":"http:\/\/colegiosantacecilia.cl\/new\/wp-json\/wp\/v2\/posts\/2213","targetHints":{"allow":["GET"]}}],"collection":[{"href":"http:\/\/colegiosantacecilia.cl\/new\/wp-json\/wp\/v2\/posts"}],"about":[{"href":"http:\/\/colegiosantacecilia.cl\/new\/wp-json\/wp\/v2\/types\/post"}],"author":[{"embeddable":true,"href":"http:\/\/colegiosantacecilia.cl\/new\/wp-json\/wp\/v2\/users\/1"}],"replies":[{"embeddable":true,"href":"http:\/\/colegiosantacecilia.cl\/new\/wp-json\/wp\/v2\/comments?post=2213"}],"version-history":[{"count":1,"href":"http:\/\/colegiosantacecilia.cl\/new\/wp-json\/wp\/v2\/posts\/2213\/revisions"}],"predecessor-version":[{"id":2215,"href":"http:\/\/colegiosantacecilia.cl\/new\/wp-json\/wp\/v2\/posts\/2213\/revisions\/2215"}],"wp:featuredmedia":[{"embeddable":true,"href":"http:\/\/colegiosantacecilia.cl\/new\/wp-json\/wp\/v2\/media\/2214"}],"wp:attachment":[{"href":"http:\/\/colegiosantacecilia.cl\/new\/wp-json\/wp\/v2\/media?parent=2213"}],"wp:term":[{"taxonomy":"category","embeddable":true,"href":"http:\/\/colegiosantacecilia.cl\/new\/wp-json\/wp\/v2\/categories?post=2213"},{"taxonomy":"post_tag","embeddable":true,"href":"http:\/\/colegiosantacecilia.cl\/new\/wp-json\/wp\/v2\/tags?post=2213"}],"curies":[{"name":"wp","href":"https:\/\/api.w.org\/{rel}","templated":true}]}}