{"id":2755,"date":"2021-03-28T12:13:51","date_gmt":"2021-03-28T16:13:51","guid":{"rendered":"http:\/\/colegiosantacecilia.cl\/new\/?p=2755"},"modified":"2021-03-31T22:52:12","modified_gmt":"2021-04-01T02:52:12","slug":"semana-santa-2021","status":"publish","type":"post","link":"http:\/\/colegiosantacecilia.cl\/new\/semana-santa-2021\/","title":{"rendered":"Semana Santa 2021"},"content":{"rendered":"\t\t<div data-elementor-type=\"wp-post\" data-elementor-id=\"2755\" class=\"elementor elementor-2755\">\n\t\t\t\t\t\t<section class=\"elementor-section elementor-top-section elementor-element elementor-element-9863497 elementor-section-boxed elementor-section-height-default elementor-section-height-default\" data-id=\"9863497\" data-element_type=\"section\">\n\t\t\t\t\t\t<div class=\"elementor-container elementor-column-gap-default\">\n\t\t\t\t\t<div class=\"elementor-column elementor-col-100 elementor-top-column elementor-element elementor-element-147058b\" data-id=\"147058b\" data-element_type=\"column\">\n\t\t\t<div class=\"elementor-widget-wrap elementor-element-populated\">\n\t\t\t\t\t\t<div class=\"elementor-element elementor-element-38f5e7b elementor-widget elementor-widget-text-editor\" data-id=\"38f5e7b\" data-element_type=\"widget\" data-widget_type=\"text-editor.default\">\n\t\t\t\t<div class=\"elementor-widget-container\">\n\t\t\t\t\t\t\t\t\t<p>Este a\u00f1o 2021 la pandemia del coronavirus nos har\u00e1 vivir la Semana Santa con restricciones, y al igual que el a\u00f1o pasado, como comunidad educativa debemos adaptarnos y prepararnos para acompa\u00f1ar a Jes\u00fas en su camino a la cruz y a la vida eterna.<\/p><p>En este especial de semana santa que el equipo pastoral ha preparado, encontrar\u00e1n informaci\u00f3n sobre lo que se celebra y alguna actividad para compartir en familia. Algunas de estas actividades fueron preparadas por Iglesia de Santiago.<\/p><ul><li><a href=\"http:\/\/www.iglesia.cl\/especiales\/semanasanta\/docs\/Semana_Santa_para_ninos_y_ninas.pdf\">Te recomendamos este insumo para reflexionar sobre los momentos de la semana santa con ni\u00f1os y ni\u00f1as.<\/a><\/li><li><a href=\"http:\/\/www.iglesia.cl\/especiales\/semanasanta\/docs\/Pasion_Resurreccion.pdf\">Para pintar la semana santa y la resurrecci\u00f3n.<\/a><\/li><\/ul><p>Adem\u00e1s, a nombre de la Iglesia de Santiago, los invitamos a unirse a este periodo lit\u00fargico participando en familia, siguiendo las celebraciones arquidiocesanas que ser\u00e1n transmitidas en<span>\u00a0<\/span><strong><a href=\"https:\/\/www.youtube.com\/iglesiadesantiago\" target=\"_blank\" rel=\"noopener\">https:\/\/www.youtube.com\/iglesiadesantiago<\/a><\/strong>\u00a0o trav\u00e9s de las redes sociales de la Iglesia de Santiago.<\/p><ul><li><strong>28\/marzo\/2021:<\/strong>\u00a0<strong>Domingo de Ramos<\/strong><span>\u00a0<\/span>a las 12:00 horas<\/li><li><strong>1\/abril\/2021:<\/strong>\u00a0<strong>Misa Crismal, Jueves Santo<\/strong><span>\u00a0<\/span>a las 11:00 horas<\/li><li><strong>1\/abril\/2021: Misa de la Cena del Se\u00f1or<\/strong><span>\u00a0<\/span>a las 19:00 horas<\/li><li><strong>2\/abril\/2021:<\/strong>\u00a0<strong>Liturgia de Pasi\u00f3n, Viernes Santo<\/strong><span>\u00a0<\/span>a las 15:00 horas<\/li><li><strong>2\/abril\/2021: V\u00eda Crucis (online)<\/strong><span>\u00a0<\/span>18:00 horas<\/li><li><strong>3\/abril\/2021: Vigilia Pascual, S\u00e1bado Santo<\/strong><span>\u00a0<\/span>a las 20:00 horas<\/li><li><strong>4\/abril\/2021:<\/strong>\u00a0<strong>Domingo de Resurrecci\u00f3n<\/strong><span>\u00a0<\/span>a las 12:00 horas<\/li><\/ul>\t\t\t\t\t\t\t\t<\/div>\n\t\t\t\t<\/div>\n\t\t\t\t<div class=\"elementor-element elementor-element-dfe1f0a elementor-tabs-view-horizontal elementor-widget elementor-widget-tabs\" data-id=\"dfe1f0a\" data-element_type=\"widget\" data-widget_type=\"tabs.default\">\n\t\t\t\t<div class=\"elementor-widget-container\">\n\t\t\t\t\t\t\t<div class=\"elementor-tabs\">\n\t\t\t<div class=\"elementor-tabs-wrapper\" role=\"tablist\" >\n\t\t\t\t\t\t\t\t\t<div id=\"elementor-tab-title-2341\" class=\"elementor-tab-title elementor-tab-desktop-title\" aria-selected=\"true\" data-tab=\"1\" role=\"tab\" tabindex=\"0\" aria-controls=\"elementor-tab-content-2341\" aria-expanded=\"false\">Domingo de ramos<\/div>\n\t\t\t\t\t\t\t\t\t<div id=\"elementor-tab-title-2342\" class=\"elementor-tab-title elementor-tab-desktop-title\" aria-selected=\"false\" data-tab=\"2\" role=\"tab\" tabindex=\"-1\" aria-controls=\"elementor-tab-content-2342\" aria-expanded=\"false\">Jueves Santo<\/div>\n\t\t\t\t\t\t\t\t\t<div id=\"elementor-tab-title-2343\" class=\"elementor-tab-title elementor-tab-desktop-title\" aria-selected=\"false\" data-tab=\"3\" role=\"tab\" tabindex=\"-1\" aria-controls=\"elementor-tab-content-2343\" aria-expanded=\"false\">Viernes Santo<\/div>\n\t\t\t\t\t\t\t\t\t<div id=\"elementor-tab-title-2344\" class=\"elementor-tab-title elementor-tab-desktop-title\" aria-selected=\"false\" data-tab=\"4\" role=\"tab\" tabindex=\"-1\" aria-controls=\"elementor-tab-content-2344\" aria-expanded=\"false\">S\u00e1bado Santo<\/div>\n\t\t\t\t\t\t\t\t\t<div id=\"elementor-tab-title-2345\" class=\"elementor-tab-title elementor-tab-desktop-title\" aria-selected=\"false\" data-tab=\"5\" role=\"tab\" tabindex=\"-1\" aria-controls=\"elementor-tab-content-2345\" aria-expanded=\"false\">Dgo. de Resurrecci\u00f3n<\/div>\n\t\t\t\t\t\t\t<\/div>\n\t\t\t<div class=\"elementor-tabs-content-wrapper\" role=\"tablist\" aria-orientation=\"vertical\">\n\t\t\t\t\t\t\t\t\t<div class=\"elementor-tab-title elementor-tab-mobile-title\" aria-selected=\"true\" data-tab=\"1\" role=\"tab\" tabindex=\"0\" aria-controls=\"elementor-tab-content-2341\" aria-expanded=\"false\">Domingo de ramos<\/div>\n\t\t\t\t\t<div id=\"elementor-tab-content-2341\" class=\"elementor-tab-content elementor-clearfix\" data-tab=\"1\" role=\"tabpanel\" aria-labelledby=\"elementor-tab-title-2341\" tabindex=\"0\" hidden=\"false\"><p><img fetchpriority=\"high\" decoding=\"async\" src=\"http:\/\/colegiosantacecilia.cl\/new\/wp-content\/uploads\/2020\/04\/GraficasSemanaSanta-01.jpg\" alt=\"\" width=\"843\" height=\"596\" class=\"alignnone size-full wp-image-1730\" srcset=\"http:\/\/colegiosantacecilia.cl\/new\/wp-content\/uploads\/2020\/04\/GraficasSemanaSanta-01.jpg 843w, http:\/\/colegiosantacecilia.cl\/new\/wp-content\/uploads\/2020\/04\/GraficasSemanaSanta-01-300x212.jpg 300w, http:\/\/colegiosantacecilia.cl\/new\/wp-content\/uploads\/2020\/04\/GraficasSemanaSanta-01-768x543.jpg 768w\" sizes=\"(max-width: 843px) 100vw, 843px\" \/>La Semana Santa comienza con el domingo de Ramos en la Pasi\u00f3n del Se\u00f1or, que comprende a la vez el presagio del triunfo real de Cristo y el anuncio de la Pasi\u00f3n. La relaci\u00f3n entre los dos aspectos del misterio pascual se han de evidenciar en la celebraci\u00f3n y en la catequesis del d\u00eda.<\/p><ul><li><a href=\"http:\/\/colegiosantacecilia.cl\/new\/wp-content\/uploads\/2021\/03\/Liturgia_Domingo_de_Ramos_2021.pdf\">Liturgia Familiar Domingo de Ramos<\/a><\/li><li><a href=\"http:\/\/colegiosantacecilia.cl\/new\/wp-content\/uploads\/2021\/03\/Lectura_orante_Domingo_de_Ramos_2021.pdf\">Lectura orante Domingo de Ramos<\/a><\/li><\/ul><\/div>\n\t\t\t\t\t\t\t\t\t<div class=\"elementor-tab-title elementor-tab-mobile-title\" aria-selected=\"false\" data-tab=\"2\" role=\"tab\" tabindex=\"-1\" aria-controls=\"elementor-tab-content-2342\" aria-expanded=\"false\">Jueves Santo<\/div>\n\t\t\t\t\t<div id=\"elementor-tab-content-2342\" class=\"elementor-tab-content elementor-clearfix\" data-tab=\"2\" role=\"tabpanel\" aria-labelledby=\"elementor-tab-title-2342\" tabindex=\"0\" hidden=\"hidden\"><p>Conmemoramos sacramentalmente la ofrenda que Jes\u00fas hizo de s\u00ed mismo al Padre, de una vez para siempre, para la salvaci\u00f3n de toda la humanidad;<\/p><p>Realizamos el memorial de la Cena Pascual que el Se\u00f1or celebr\u00f3 con sus ap\u00f3stoles, la primera Eucarist\u00eda: su Cuerpo partido y su Sangre derramada por nuestra salvaci\u00f3n;<\/p><p>Es la instituci\u00f3n del sacerdocio ministerial;<\/p><p>Finalmente, celebramos el precepto de la caridad y del amor mutuo que el Se\u00f1or nos entrega en su ejemplo de servicio al lavar los pies de sus disc\u00edpulos.<\/p><p>Te invitamos a hacer este momento de oraci\u00f3n en familia.<\/p><p><a href=\"http:\/\/colegiosantacecilia.cl\/new\/wp-content\/uploads\/2021\/03\/Liturgia_Jueves_Santo_2021.pdf\" class=\"pdfemb-viewer\" style=\"\" data-width=\"max\" data-height=\"max\" data-toolbar=\"bottom\" data-toolbar-fixed=\"off\">Liturgia_Jueves_Santo_2021<\/a><\/p><p><a href=\"http:\/\/colegiosantacecilia.cl\/new\/wp-content\/uploads\/2021\/03\/Liturgia_Jueves_Santo_2021.pdf\">Descarga en PDF.<\/a><\/p><\/div>\n\t\t\t\t\t\t\t\t\t<div class=\"elementor-tab-title elementor-tab-mobile-title\" aria-selected=\"false\" data-tab=\"3\" role=\"tab\" tabindex=\"-1\" aria-controls=\"elementor-tab-content-2343\" aria-expanded=\"false\">Viernes Santo<\/div>\n\t\t\t\t\t<div id=\"elementor-tab-content-2343\" class=\"elementor-tab-content elementor-clearfix\" data-tab=\"3\" role=\"tabpanel\" aria-labelledby=\"elementor-tab-title-2343\" tabindex=\"0\" hidden=\"hidden\"><p>El viernes santo es un d\u00eda propicio para conocer y reflexionar m\u00e1s sobre el sentido de ser cristianos. Te invitamos a hacerlo en familia con la ayuda de una buena pel\u00edcula.<\/p><p>Durante este tiempo de cuarentena te dejamos algunas recomendaciones de pel\u00edculas con claves de fe que marcaron y cambiaron la vida de muchos de sus espectadores.<\/p><p><strong>El Pr\u00edncipe de Egipto (1998)<\/strong><\/p><p>Pensando en los m\u00e1s peque\u00f1os se incluye en la lista esta historia de Mois\u00e9s que fue la primera pel\u00edcula de animaci\u00f3n tradicional producida y distribuida por Dreamworks, la productora creada por Steven Spielberg. <span style=\"color: #008080;\">Una de las \u00faltimas pel\u00edculas de &#8220;dibujitos&#8221; antes de la era de animaci\u00f3n digital. Tiene unos efectos impresionantes, m\u00fasica y personajes inolvidables!<\/span><\/p><p><iframe title=\"El Pr\u00edncipe de Egipto - Las Plagas [Fandub Castellano]\" width=\"750\" height=\"422\" src=\"https:\/\/www.youtube.com\/embed\/D4g6ZxAAnsc?feature=oembed\" frameborder=\"0\" allow=\"accelerometer; autoplay; clipboard-write; encrypted-media; gyroscope; picture-in-picture\" allowfullscreen><\/iframe><\/p><p><strong>La Caba\u00f1a (Netflix)<\/strong><\/p><p>Despu\u00e9s de sufrir una tragedia familiar, Mack Phillips cae en una profunda depresi\u00f3n que le lleva a cuestionar todas sus creencias. Sumido en una crisis de fe, recibe una enigm\u00e1tica carta donde un misterioso personaje le cita en una caba\u00f1a abandonada en lo m\u00e1s profundo de los bosques de Oreg\u00f3n. A pesar de sus dudas, Mack viaja a la caba\u00f1a, donde se encontrar\u00e1 con alguien inesperado. <span style=\"color: #008080;\">La pusimos porque al igual que Milagro en la Celda 7, est\u00e1 super moda en Netflix!<\/span><\/p><p><iframe title=\"La Caba\u00f1a | Tr\u00e1iler oficial doblado al espa\u00f1ol\" width=\"750\" height=\"422\" src=\"https:\/\/www.youtube.com\/embed\/HUFmrFCJ7ME?feature=oembed\" frameborder=\"0\" allow=\"accelerometer; autoplay; clipboard-write; encrypted-media; gyroscope; picture-in-picture\" allowfullscreen><\/iframe><\/p><p><strong>Risen (2016)<\/strong><\/p><p>Es un filme estrenado en el 2016 que presenta la Resurrecci\u00f3n de Cristo narrada a trav\u00e9s de los ojos de un agn\u00f3stico. Clavius (Joseph Fiennes), un poderoso centuri\u00f3n romano, y su edec\u00e1n Lucius (Tom Felton), reciben la misi\u00f3n de resolver el misterio de lo que ocurri\u00f3 con Jes\u00fas en las semanas siguientes a la crucifixi\u00f3n para desmentir los rumores de un Mes\u00edas que resucit\u00f3 y evitar una revuelta en Jerusal\u00e9n. <span style=\"color: #008080;\">Ojo aqu\u00ed, tremendas interpretaciones y una historia capaz de conmover a cualquiera (creyente o no).<\/span><\/p><p><iframe title=\"Risen Official Trailer 2 (2016) - Joseph Fiennes, Tom Felton Movie HD\" width=\"750\" height=\"422\" src=\"https:\/\/www.youtube.com\/embed\/rVkXeGP03oo?feature=oembed\" frameborder=\"0\" allow=\"accelerometer; autoplay; clipboard-write; encrypted-media; gyroscope; picture-in-picture\" allowfullscreen><\/iframe><\/p><p><strong>Dios no esta muerto (Amazon Prime)<\/strong><\/p><p>Escrita por Cary Solomon y Chuck Konzelman, basada tambi\u00e9n en el libro God&#8217;s not dead: evidence for God in an age of uncertainty de Rice Brooks, la trama de la pel\u00edcula relata los esfuerzos del estudiante Josh Wheaton (Harper) por probar la existencia de Dios en su clase de filosof\u00eda, la cual es ense\u00f1ada por su profesor ateo llamado Jeffery Radisson (Sorbo). <span style=\"color: #008080;\">No tiene actuaciones destacadas, pero la trama ofrece buenos argumentos para defender nuestras creencias personales.<\/span><\/p><p><iframe title=\"Noche de pelicula - Dios no esta muerto\" width=\"750\" height=\"422\" src=\"https:\/\/www.youtube.com\/embed\/3-Tt4mKWFWA?feature=oembed\" frameborder=\"0\" allow=\"accelerometer; autoplay; clipboard-write; encrypted-media; gyroscope; picture-in-picture\" allowfullscreen><\/iframe><\/p><p><strong><\/strong><\/p><p><strong>En busca de la felicidad (Netflix)<\/strong><\/p><p>En 1981, en San Francisco, Chris Gardner (Will Smith) invierte sus ahorros de toda la vida en esc\u00e1neres de densidad \u00f3sea port\u00e1tiles que intenta demostrar y vender a los m\u00e9dicos. La inversi\u00f3n resulta ser un fracaso, que deja en bancarrota a la familia y, como resultado, su esposa Linda (Thandie Newton) lo deja y se muda a Nueva York. Su hijo Christopher (Jaden Smith) se queda con su padre. Intentando vender uno de los esc\u00e1neres en el centro, Chris conoce a Jay Twistle (Brian Howe).En un encuentro con Jay,Chris se monta en un taxi con el. En el trayecto Chris arma un Cubo de Rubik. Este encuentro le abre la posibilidad de optar a un puesto de corredor de bolsa, trabajo por el cual \u00e9l y otros 19 competidores pelean. Chris desarrolla toda una serie de maneras de hacer ventas telef\u00f3nicas m\u00e1s eficientemente y tambi\u00e9n consigue clientes potenciales y valiosos, desafiando el protocolo. A pesar de sus problemas, Chris nunca revela su estado de desamparo ni a su hijo ni a sus compa\u00f1eros de trabajo, yendo hasta el extremo de dar a uno de sus jefes cinco d\u00f3lares para un taxi, una suma a la que no puede hacer frente. <span style=\"color: #008080;\">Ideal para revivir en tiempos de cuarentena, cuando uno se siente desanimado.<\/span><\/p><p><iframe title=\"En busca de la felicidad # Trailer Espa\u00f1ol\" width=\"750\" height=\"563\" src=\"https:\/\/www.youtube.com\/embed\/2McKB-uOE5E?feature=oembed\" frameborder=\"0\" allow=\"accelerometer; autoplay; clipboard-write; encrypted-media; gyroscope; picture-in-picture\" allowfullscreen><\/iframe><\/p><p><strong>Lo que de verdad importa 2017<\/strong><\/p><p>Alec es un ingeniero mec\u00e1nico incapaz de ordenar su vida. Cuando su tienda de reparaci\u00f3n de aparatos electr\u00f3nicos est\u00e1 a punto de quebrar, un familiar lejano le ofrece ayuda a cambio de que se traslade un a\u00f1o a Canad\u00e1, el lugar de origen de sus antepasados. All\u00ed descubrir\u00e1 que a su alrededor comienzan a suceder cosas incomprensibles. <span style=\"color: #008080;\">Nos ense\u00f1a que Dios nos acepta a todos, no solo a los que son &#8220;perfectos&#8221;, el nos acepta y nos hace actuar en su nombre para llevar sus milagros a la vida de otras personas.<\/span><\/p><p><iframe title=\"Lo que de verdad importa - Trailer espa\u00f1ol (HD)\" width=\"750\" height=\"422\" src=\"https:\/\/www.youtube.com\/embed\/VjnzLwQ1tsg?feature=oembed\" frameborder=\"0\" allow=\"accelerometer; autoplay; clipboard-write; encrypted-media; gyroscope; picture-in-picture\" allowfullscreen><\/iframe><\/p><p><strong>9. Superman: El hombre de acero (Netflix)<\/strong><\/p><p><span style=\"color: #008080;\">Y para finalizar \u00bfUna pel\u00edcula de s\u00faper h\u00e9roes en semana santa? As\u00ed es, pero no cualquiera, esta versi\u00f3n de Superman nos muestra el origen de Clark. Es la historia del hijo de un Dios enviado a la tierra para ayudar a la humanidad, \u00bfTe parece parecido a otra historia?<\/span>, crece en un ambiente muy humilde mientras lucha con las repercusiones de su origen y sus habilidades extraordinarias, el joven Clark Kent debe convertirse en un h\u00e9roe y salvar a las personas que ama de una grave amenaza. <span style=\"color: #008080;\">(SPOILER) ojo que hasta termina con una especie de resurrecci\u00f3n. Ideal para hacer el paralelo con la historia de Jes\u00fas.<\/span><\/p><p><iframe title=\"El Hombre de Acero - Trailer Oficial Espa\u00f1ol Latino - FULL HD\" width=\"750\" height=\"422\" src=\"https:\/\/www.youtube.com\/embed\/hksOlNvif3A?feature=oembed\" frameborder=\"0\" allow=\"accelerometer; autoplay; clipboard-write; encrypted-media; gyroscope; picture-in-picture\" allowfullscreen><\/iframe><\/p><hr \/><p><a href=\"https:\/\/www.marca.com\/claro-mx\/trending\/2021\/03\/31\/6064cec9268e3e36168b45f2.html\">Otras pel\u00edculas que puedes encontrar en Netflix aqu\u00ed.<\/a><\/p><hr \/><p>Tambi\u00e9n te dejamos un gui\u00f3n para que puedas realizar una breve oraci\u00f3n familiar.<\/p><p><a href=\"http:\/\/colegiosantacecilia.cl\/new\/wp-content\/uploads\/2021\/03\/Liturgia_Viernes_Santo_breve_2021.pdf\" class=\"pdfemb-viewer\" style=\"\" data-width=\"max\" data-height=\"max\" data-toolbar=\"bottom\" data-toolbar-fixed=\"off\">Liturgia_Viernes_Santo_breve_2021<\/a><\/p><p><a href=\"http:\/\/colegiosantacecilia.cl\/new\/wp-content\/uploads\/2021\/03\/Liturgia_Viernes_Santo_breve_2021.pdf\">Descarga en PDF aqu\u00ed.<\/a><\/p><\/div>\n\t\t\t\t\t\t\t\t\t<div class=\"elementor-tab-title elementor-tab-mobile-title\" aria-selected=\"false\" data-tab=\"4\" role=\"tab\" tabindex=\"-1\" aria-controls=\"elementor-tab-content-2344\" aria-expanded=\"false\">S\u00e1bado Santo<\/div>\n\t\t\t\t\t<div id=\"elementor-tab-content-2344\" class=\"elementor-tab-content elementor-clearfix\" data-tab=\"4\" role=\"tabpanel\" aria-labelledby=\"elementor-tab-title-2344\" tabindex=\"0\" hidden=\"hidden\"><p>El S\u00e1bado Santo la Iglesia permanece junto al Sepulcro de su Se\u00f1or, meditando su Pasi\u00f3n, su Muerte, su Descenso a los infiernos y esperando, en la oraci\u00f3n y el ayuno, su Resurrecci\u00f3n.<\/p><p>Como no se celebra la Eucarist\u00eda ni se administran otros sacramentos, suele afirmarse que este d\u00eda es\u00a0alit\u00fargico, aunque el t\u00e9rmino no sea del todo exacto. Como la Liturgia de este d\u00eda no ofrece los signos corrientes y frecuentes de otras fiestas, resulta algo dif\u00edcil vivir su contenido.<\/p><\/div>\n\t\t\t\t\t\t\t\t\t<div class=\"elementor-tab-title elementor-tab-mobile-title\" aria-selected=\"false\" data-tab=\"5\" role=\"tab\" tabindex=\"-1\" aria-controls=\"elementor-tab-content-2345\" aria-expanded=\"false\">Dgo. de Resurrecci\u00f3n<\/div>\n\t\t\t\t\t<div id=\"elementor-tab-content-2345\" class=\"elementor-tab-content elementor-clearfix\" data-tab=\"5\" role=\"tabpanel\" aria-labelledby=\"elementor-tab-title-2345\" tabindex=\"0\" hidden=\"hidden\"><p><img decoding=\"async\" src=\"http:\/\/colegiosantacecilia.cl\/new\/wp-content\/uploads\/2021\/03\/Signo_Domingo_de_Resurreccion-1024x914.png\" alt=\"\" width=\"750\" height=\"669\" class=\"alignnone size-large wp-image-2786\" srcset=\"http:\/\/colegiosantacecilia.cl\/new\/wp-content\/uploads\/2021\/03\/Signo_Domingo_de_Resurreccion-1024x914.png 1024w, http:\/\/colegiosantacecilia.cl\/new\/wp-content\/uploads\/2021\/03\/Signo_Domingo_de_Resurreccion-300x268.png 300w, http:\/\/colegiosantacecilia.cl\/new\/wp-content\/uploads\/2021\/03\/Signo_Domingo_de_Resurreccion-768x686.png 768w, http:\/\/colegiosantacecilia.cl\/new\/wp-content\/uploads\/2021\/03\/Signo_Domingo_de_Resurreccion.png 1382w\" sizes=\"(max-width: 750px) 100vw, 750px\" \/>Durante la Vigilia Pascual,\u00a0<em>madre de todas las santas vigilias<\/em>, la Iglesia espera la Resurrecci\u00f3n del Se\u00f1or y celebra los Sacramentos de la Iniciaci\u00f3n Cristiana, como medio de asimilar el contenido del Misterio Pascual del Se\u00f1or.<\/p><p>En esta noche los jud\u00edos fueron liberados de la esclavitud de los egipcios, y cada a\u00f1o ese acontecimiento salvador, protagonizado por Dios, era recordado como un memorial. La liberaci\u00f3n era el anuncio de una liberaci\u00f3n m\u00e1s profunda y total que el mismo Dios realizar\u00eda a trav\u00e9s de su Hijo, quien superando la muerte, saldr\u00eda en esta noche, victorioso, del sepulcro.<\/p><p>El Se\u00f1or, muerto y resucitado por nosotros, es el origen de nuestra salvaci\u00f3n y es tambi\u00e9n el fundamento de nuestra fe y de nuestra esperanza. Esa salvaci\u00f3n y esa vida se nos entregan y comunican a trav\u00e9s de los sacramentos. Por esa raz\u00f3n, es el momento m\u00e1s oportuno para la recepci\u00f3n de aquellos sacramentos de la Iniciaci\u00f3n que, adem\u00e1s de hacernos hijos de Dios, confirman y robustecen nuestra vida cristiana.<\/p><p><a href=\"http:\/\/colegiosantacecilia.cl\/new\/wp-content\/uploads\/2021\/03\/Vigilia_Pascual_breve_2021.pdf\" class=\"pdfemb-viewer\" style=\"\" data-width=\"max\" data-height=\"max\" data-toolbar=\"bottom\" data-toolbar-fixed=\"off\">Vigilia_Pascual_breve_2021<\/a><\/p><p><a href=\"http:\/\/colegiosantacecilia.cl\/new\/wp-content\/uploads\/2021\/03\/Vigilia_Pascual_breve_2021.pdf\">Descargar aqu\u00ed.<\/a><\/p><\/div>\n\t\t\t\t\t\t\t<\/div>\n\t\t<\/div>\n\t\t\t\t\t\t<\/div>\n\t\t\t\t<\/div>\n\t\t\t\t\t<\/div>\n\t\t<\/div>\n\t\t\t\t\t<\/div>\n\t\t<\/section>\n\t\t\t\t<\/div>\n\t\t","protected":false},"excerpt":{"rendered":"<p>Este a\u00f1o 2021 la pandemia del coronavirus nos har\u00e1 vivir la Semana Santa con restricciones, y al igual que el a\u00f1o pasado, como comunidad educativa debemos adaptarnos y prepararnos para acompa\u00f1ar a Jes\u00fas en su camino a la cruz y a la vida eterna. En este especial de semana santa [&hellip;]<\/p>\n","protected":false},"author":1,"featured_media":1774,"comment_status":"closed","ping_status":"closed","sticky":false,"template":"","format":"standard","meta":{"footnotes":""},"categories":[3],"tags":[],"class_list":["post-2755","post","type-post","status-publish","format-standard","has-post-thumbnail","hentry","category-noticias"],"views":1562,"_links":{"self":[{"href":"http:\/\/colegiosantacecilia.cl\/new\/wp-json\/wp\/v2\/posts\/2755","targetHints":{"allow":["GET"]}}],"collection":[{"href":"http:\/\/colegiosantacecilia.cl\/new\/wp-json\/wp\/v2\/posts"}],"about":[{"href":"http:\/\/colegiosantacecilia.cl\/new\/wp-json\/wp\/v2\/types\/post"}],"author":[{"embeddable":true,"href":"http:\/\/colegiosantacecilia.cl\/new\/wp-json\/wp\/v2\/users\/1"}],"replies":[{"embeddable":true,"href":"http:\/\/colegiosantacecilia.cl\/new\/wp-json\/wp\/v2\/comments?post=2755"}],"version-history":[{"count":17,"href":"http:\/\/colegiosantacecilia.cl\/new\/wp-json\/wp\/v2\/posts\/2755\/revisions"}],"predecessor-version":[{"id":2800,"href":"http:\/\/colegiosantacecilia.cl\/new\/wp-json\/wp\/v2\/posts\/2755\/revisions\/2800"}],"wp:featuredmedia":[{"embeddable":true,"href":"http:\/\/colegiosantacecilia.cl\/new\/wp-json\/wp\/v2\/media\/1774"}],"wp:attachment":[{"href":"http:\/\/colegiosantacecilia.cl\/new\/wp-json\/wp\/v2\/media?parent=2755"}],"wp:term":[{"taxonomy":"category","embeddable":true,"href":"http:\/\/colegiosantacecilia.cl\/new\/wp-json\/wp\/v2\/categories?post=2755"},{"taxonomy":"post_tag","embeddable":true,"href":"http:\/\/colegiosantacecilia.cl\/new\/wp-json\/wp\/v2\/tags?post=2755"}],"curies":[{"name":"wp","href":"https:\/\/api.w.org\/{rel}","templated":true}]}}