{"id":2946,"date":"2021-05-04T16:51:28","date_gmt":"2021-05-04T20:51:28","guid":{"rendered":"http:\/\/colegiosantacecilia.cl\/new\/?p=2946"},"modified":"2021-05-24T17:17:58","modified_gmt":"2021-05-24T21:17:58","slug":"semana-de-la-convivencia-escolar-2021","status":"publish","type":"post","link":"http:\/\/colegiosantacecilia.cl\/new\/semana-de-la-convivencia-escolar-2021\/","title":{"rendered":"Semana de la Convivencia Escolar 2021"},"content":{"rendered":"<p>El 26 de abril se celebr\u00f3 el d\u00eda de Convivencia Escolar a nivel Nacional con la tem\u00e1tica <strong>&#8220;Cuid\u00e1ndonos entre todos&#8221;.<\/strong> Desde el 2015 cuando se fund\u00f3 el \u00e1rea de convivencia escolar debido a la necesidad de regular y mejorar las relaciones interpersonales adem\u00e1s del clima de aula dentro de los establecimientos, se han ido implementando fechas importantes para poder promover una sana convivencia y que todos los establecimientos educacionales trabajemos las mismas tem\u00e1ticas de forma transversal.<\/p>\n<p>Cuid\u00e1ndonos entre todos, se enmarca en el cuidado que debemos tener con las personas que nos rodean y que ahora se necesita m\u00e1s que nunca debido a la Pandemia. Es por esto que\u00a0 desde el lunes 26 de abril hasta el viernes 30 de abril, se trabajaron diferentes tem\u00e1ticas en los cursos, como: qu\u00e9 es la convivencia escolar y c\u00f3mo trabajamos desde esta \u00e1rea y valores necesarios para una sana convivencia, como respeto, inclusividad, di\u00e1logo y participaci\u00f3n. Todos factores muy importantes para lograr relacionarnos de forma efectiva dentro del colegio.<\/p>\n<p>Durante esta semana tambi\u00e9n pudieron desarrollarse actividades relacionadas con el &#8220;Cuidado y las emociones&#8221; para poder gestionar la afectividad en pandemia. Todo esto como plan de refuerzo para el apoyo y acompa\u00f1amiento en esta \u00e9poca dif\u00edcil de sobrellevar.<\/p>\n<p>Convivencia Escolar Colegio Santa Cecilia 2021<\/p>\n<p>Videos:<\/p>\n<p><iframe title=\"Semana Convivencia Escolar 2021: Presentaci\u00f3n\" width=\"750\" height=\"422\" src=\"https:\/\/www.youtube.com\/embed\/gNDwuNtHgMU?list=PLry2njLfOo2fg67vaqbJSWUufX2PEGAGj\" frameborder=\"0\" allow=\"accelerometer; autoplay; clipboard-write; encrypted-media; gyroscope; picture-in-picture\" allowfullscreen><\/iframe><\/p>\n","protected":false},"excerpt":{"rendered":"<p>El 26 de abril se celebr\u00f3 el d\u00eda de Convivencia Escolar a nivel Nacional con la tem\u00e1tica &#8220;Cuid\u00e1ndonos entre todos&#8221;. Desde el 2015 cuando se fund\u00f3 el \u00e1rea de convivencia escolar debido a la necesidad de regular y mejorar las relaciones interpersonales adem\u00e1s del clima de aula dentro de los [&hellip;]<\/p>\n","protected":false},"author":1,"featured_media":2948,"comment_status":"closed","ping_status":"closed","sticky":false,"template":"","format":"standard","meta":{"footnotes":""},"categories":[3],"tags":[],"class_list":["post-2946","post","type-post","status-publish","format-standard","has-post-thumbnail","hentry","category-noticias"],"views":1054,"_links":{"self":[{"href":"http:\/\/colegiosantacecilia.cl\/new\/wp-json\/wp\/v2\/posts\/2946","targetHints":{"allow":["GET"]}}],"collection":[{"href":"http:\/\/colegiosantacecilia.cl\/new\/wp-json\/wp\/v2\/posts"}],"about":[{"href":"http:\/\/colegiosantacecilia.cl\/new\/wp-json\/wp\/v2\/types\/post"}],"author":[{"embeddable":true,"href":"http:\/\/colegiosantacecilia.cl\/new\/wp-json\/wp\/v2\/users\/1"}],"replies":[{"embeddable":true,"href":"http:\/\/colegiosantacecilia.cl\/new\/wp-json\/wp\/v2\/comments?post=2946"}],"version-history":[{"count":1,"href":"http:\/\/colegiosantacecilia.cl\/new\/wp-json\/wp\/v2\/posts\/2946\/revisions"}],"predecessor-version":[{"id":2949,"href":"http:\/\/colegiosantacecilia.cl\/new\/wp-json\/wp\/v2\/posts\/2946\/revisions\/2949"}],"wp:featuredmedia":[{"embeddable":true,"href":"http:\/\/colegiosantacecilia.cl\/new\/wp-json\/wp\/v2\/media\/2948"}],"wp:attachment":[{"href":"http:\/\/colegiosantacecilia.cl\/new\/wp-json\/wp\/v2\/media?parent=2946"}],"wp:term":[{"taxonomy":"category","embeddable":true,"href":"http:\/\/colegiosantacecilia.cl\/new\/wp-json\/wp\/v2\/categories?post=2946"},{"taxonomy":"post_tag","embeddable":true,"href":"http:\/\/colegiosantacecilia.cl\/new\/wp-json\/wp\/v2\/tags?post=2946"}],"curies":[{"name":"wp","href":"https:\/\/api.w.org\/{rel}","templated":true}]}}