{"id":2959,"date":"2021-06-04T11:58:06","date_gmt":"2021-06-04T15:58:06","guid":{"rendered":"http:\/\/colegiosantacecilia.cl\/new\/?p=2959"},"modified":"2021-06-04T12:20:47","modified_gmt":"2021-06-04T16:20:47","slug":"estudiantes-premiadas-concurso-literario","status":"publish","type":"post","link":"http:\/\/colegiosantacecilia.cl\/new\/estudiantes-premiadas-concurso-literario\/","title":{"rendered":"Estudiantes Premiadas Concurso Literario"},"content":{"rendered":"\t\t<div data-elementor-type=\"wp-post\" data-elementor-id=\"2959\" class=\"elementor elementor-2959\">\n\t\t\t\t\t\t<section class=\"elementor-section elementor-top-section elementor-element elementor-element-4f9267d4 elementor-section-boxed elementor-section-height-default elementor-section-height-default\" data-id=\"4f9267d4\" data-element_type=\"section\">\n\t\t\t\t\t\t<div class=\"elementor-container elementor-column-gap-default\">\n\t\t\t\t\t<div class=\"elementor-column elementor-col-100 elementor-top-column elementor-element elementor-element-24531c5a\" data-id=\"24531c5a\" data-element_type=\"column\">\n\t\t\t<div class=\"elementor-widget-wrap elementor-element-populated\">\n\t\t\t\t\t\t<div class=\"elementor-element elementor-element-55a868ab elementor-widget elementor-widget-text-editor\" data-id=\"55a868ab\" data-element_type=\"widget\" data-widget_type=\"text-editor.default\">\n\t\t\t\t<div class=\"elementor-widget-container\">\n\t\t\t\t\t\t\t\t\t<p>A trav\u00e9s de diferentes instancias, en abril celebramos el D\u00eda Internacional del Libro y el derecho de Autor. Una de las actividades que tuvo una gran convocatoria fue el <strong>Concurso de creaci\u00f3n literaria<\/strong> en donde participaron mas de 30 estudiantes de diferentes cursos, a continuaci\u00f3n les presentamos a las estudiantes premiadas y sus respectivas creaciones:<\/p>\t\t\t\t\t\t\t\t<\/div>\n\t\t\t\t<\/div>\n\t\t\t\t\t<\/div>\n\t\t<\/div>\n\t\t\t\t\t<\/div>\n\t\t<\/section>\n\t\t\t\t<section class=\"elementor-section elementor-top-section elementor-element elementor-element-1c33f37 elementor-section-boxed elementor-section-height-default elementor-section-height-default\" data-id=\"1c33f37\" data-element_type=\"section\">\n\t\t\t\t\t\t<div class=\"elementor-container elementor-column-gap-default\">\n\t\t\t\t\t<div class=\"elementor-column elementor-col-100 elementor-top-column elementor-element elementor-element-ee92bbf\" data-id=\"ee92bbf\" data-element_type=\"column\">\n\t\t\t<div class=\"elementor-widget-wrap elementor-element-populated\">\n\t\t\t\t\t\t<div class=\"elementor-element elementor-element-f779985 elementor-widget elementor-widget-image\" data-id=\"f779985\" data-element_type=\"widget\" data-widget_type=\"image.default\">\n\t\t\t\t<div class=\"elementor-widget-container\">\n\t\t\t\t\t\t\t\t\t\t\t\t\t\t\t<img fetchpriority=\"high\" decoding=\"async\" width=\"750\" height=\"750\" src=\"http:\/\/colegiosantacecilia.cl\/new\/wp-content\/uploads\/2021\/06\/dia-del-libro-21_Mesa-de-trabajo-1-1024x1024.jpg\" class=\"attachment-large size-large wp-image-2961\" alt=\"\" srcset=\"http:\/\/colegiosantacecilia.cl\/new\/wp-content\/uploads\/2021\/06\/dia-del-libro-21_Mesa-de-trabajo-1-1024x1024.jpg 1024w, http:\/\/colegiosantacecilia.cl\/new\/wp-content\/uploads\/2021\/06\/dia-del-libro-21_Mesa-de-trabajo-1-150x150.jpg 150w, http:\/\/colegiosantacecilia.cl\/new\/wp-content\/uploads\/2021\/06\/dia-del-libro-21_Mesa-de-trabajo-1-300x300.jpg 300w, http:\/\/colegiosantacecilia.cl\/new\/wp-content\/uploads\/2021\/06\/dia-del-libro-21_Mesa-de-trabajo-1-768x768.jpg 768w, http:\/\/colegiosantacecilia.cl\/new\/wp-content\/uploads\/2021\/06\/dia-del-libro-21_Mesa-de-trabajo-1.jpg 2001w\" sizes=\"(max-width: 750px) 100vw, 750px\" \/>\t\t\t\t\t\t\t\t\t\t\t\t\t\t\t<\/div>\n\t\t\t\t<\/div>\n\t\t\t\t<div class=\"elementor-element elementor-element-3f720f9 elementor-widget elementor-widget-image\" data-id=\"3f720f9\" data-element_type=\"widget\" data-widget_type=\"image.default\">\n\t\t\t\t<div class=\"elementor-widget-container\">\n\t\t\t\t\t\t\t\t\t\t\t\t\t\t\t<img decoding=\"async\" width=\"750\" height=\"349\" src=\"http:\/\/colegiosantacecilia.cl\/new\/wp-content\/uploads\/2021\/06\/m2-19-1024x476.jpg\" class=\"attachment-large size-large wp-image-2960\" alt=\"\" srcset=\"http:\/\/colegiosantacecilia.cl\/new\/wp-content\/uploads\/2021\/06\/m2-19-1024x476.jpg 1024w, http:\/\/colegiosantacecilia.cl\/new\/wp-content\/uploads\/2021\/06\/m2-19-300x139.jpg 300w, http:\/\/colegiosantacecilia.cl\/new\/wp-content\/uploads\/2021\/06\/m2-19-768x357.jpg 768w\" sizes=\"(max-width: 750px) 100vw, 750px\" \/>\t\t\t\t\t\t\t\t\t\t\t\t\t\t\t<\/div>\n\t\t\t\t<\/div>\n\t\t\t\t\t<\/div>\n\t\t<\/div>\n\t\t\t\t\t<\/div>\n\t\t<\/section>\n\t\t\t\t<section class=\"elementor-section elementor-top-section elementor-element elementor-element-5d0e69c elementor-section-boxed elementor-section-height-default elementor-section-height-default\" data-id=\"5d0e69c\" data-element_type=\"section\">\n\t\t\t\t\t\t<div class=\"elementor-container elementor-column-gap-default\">\n\t\t\t\t\t<div class=\"elementor-column elementor-col-100 elementor-top-column elementor-element elementor-element-e78e068\" data-id=\"e78e068\" data-element_type=\"column\">\n\t\t\t<div class=\"elementor-widget-wrap elementor-element-populated\">\n\t\t\t\t\t\t<div class=\"elementor-element elementor-element-0822253 elementor-widget elementor-widget-image-gallery\" data-id=\"0822253\" data-element_type=\"widget\" data-widget_type=\"image-gallery.default\">\n\t\t\t\t<div class=\"elementor-widget-container\">\n\t\t\t\t\t\t\t<div class=\"elementor-image-gallery\">\n\t\t\t\n\t\t<style type=\"text\/css\">\n\t\t\t#gallery-1 {\n\t\t\t\tmargin: auto;\n\t\t\t}\n\t\t\t#gallery-1 .gallery-item {\n\t\t\t\tfloat: left;\n\t\t\t\tmargin-top: 10px;\n\t\t\t\ttext-align: center;\n\t\t\t\twidth: 33%;\n\t\t\t}\n\t\t\t#gallery-1 img {\n\t\t\t\tborder: 2px solid #cfcfcf;\n\t\t\t}\n\t\t\t#gallery-1 .gallery-caption {\n\t\t\t\tmargin-left: 0;\n\t\t\t}\n\t\t\t\/* see gallery_shortcode() in wp-includes\/media.php *\/\n\t\t<\/style>\n\t\t<div id='gallery-1' class='gallery galleryid-2959 gallery-columns-3 gallery-size-medium'><dl class='gallery-item'>\n\t\t\t<dt class='gallery-icon landscape'>\n\t\t\t\t<a data-elementor-open-lightbox=\"yes\" data-elementor-lightbox-slideshow=\"0822253\" data-elementor-lightbox-title=\"dia del libro 21-02\" data-e-action-hash=\"#elementor-action%3Aaction%3Dlightbox%26settings%3DeyJpZCI6Mjk2MiwidXJsIjoiaHR0cDpcL1wvY29sZWdpb3NhbnRhY2VjaWxpYS5jbFwvbmV3XC93cC1jb250ZW50XC91cGxvYWRzXC8yMDIxXC8wNlwvZGlhLWRlbC1saWJyby0yMS0wMi5qcGciLCJzbGlkZXNob3ciOiIwODIyMjUzIn0%3D\" href='http:\/\/colegiosantacecilia.cl\/new\/wp-content\/uploads\/2021\/06\/dia-del-libro-21-02.jpg'><img decoding=\"async\" width=\"300\" height=\"300\" src=\"http:\/\/colegiosantacecilia.cl\/new\/wp-content\/uploads\/2021\/06\/dia-del-libro-21-02-300x300.jpg\" class=\"attachment-medium size-medium\" alt=\"\" srcset=\"http:\/\/colegiosantacecilia.cl\/new\/wp-content\/uploads\/2021\/06\/dia-del-libro-21-02-300x300.jpg 300w, http:\/\/colegiosantacecilia.cl\/new\/wp-content\/uploads\/2021\/06\/dia-del-libro-21-02-150x150.jpg 150w, http:\/\/colegiosantacecilia.cl\/new\/wp-content\/uploads\/2021\/06\/dia-del-libro-21-02-768x768.jpg 768w, http:\/\/colegiosantacecilia.cl\/new\/wp-content\/uploads\/2021\/06\/dia-del-libro-21-02-1024x1024.jpg 1024w, http:\/\/colegiosantacecilia.cl\/new\/wp-content\/uploads\/2021\/06\/dia-del-libro-21-02.jpg 2001w\" sizes=\"(max-width: 300px) 100vw, 300px\" \/><\/a>\n\t\t\t<\/dt><\/dl><dl class='gallery-item'>\n\t\t\t<dt class='gallery-icon landscape'>\n\t\t\t\t<a data-elementor-open-lightbox=\"yes\" data-elementor-lightbox-slideshow=\"0822253\" data-elementor-lightbox-title=\"dia del libro 21-03\" data-e-action-hash=\"#elementor-action%3Aaction%3Dlightbox%26settings%3DeyJpZCI6Mjk2MywidXJsIjoiaHR0cDpcL1wvY29sZWdpb3NhbnRhY2VjaWxpYS5jbFwvbmV3XC93cC1jb250ZW50XC91cGxvYWRzXC8yMDIxXC8wNlwvZGlhLWRlbC1saWJyby0yMS0wMy5qcGciLCJzbGlkZXNob3ciOiIwODIyMjUzIn0%3D\" href='http:\/\/colegiosantacecilia.cl\/new\/wp-content\/uploads\/2021\/06\/dia-del-libro-21-03.jpg'><img loading=\"lazy\" decoding=\"async\" width=\"300\" height=\"300\" src=\"http:\/\/colegiosantacecilia.cl\/new\/wp-content\/uploads\/2021\/06\/dia-del-libro-21-03-300x300.jpg\" class=\"attachment-medium size-medium\" alt=\"\" srcset=\"http:\/\/colegiosantacecilia.cl\/new\/wp-content\/uploads\/2021\/06\/dia-del-libro-21-03-300x300.jpg 300w, http:\/\/colegiosantacecilia.cl\/new\/wp-content\/uploads\/2021\/06\/dia-del-libro-21-03-150x150.jpg 150w, http:\/\/colegiosantacecilia.cl\/new\/wp-content\/uploads\/2021\/06\/dia-del-libro-21-03-768x768.jpg 768w, http:\/\/colegiosantacecilia.cl\/new\/wp-content\/uploads\/2021\/06\/dia-del-libro-21-03-1024x1024.jpg 1024w, http:\/\/colegiosantacecilia.cl\/new\/wp-content\/uploads\/2021\/06\/dia-del-libro-21-03.jpg 2001w\" sizes=\"(max-width: 300px) 100vw, 300px\" \/><\/a>\n\t\t\t<\/dt><\/dl><dl class='gallery-item'>\n\t\t\t<dt class='gallery-icon landscape'>\n\t\t\t\t<a data-elementor-open-lightbox=\"yes\" data-elementor-lightbox-slideshow=\"0822253\" data-elementor-lightbox-title=\"dia del libro 21-04\" data-e-action-hash=\"#elementor-action%3Aaction%3Dlightbox%26settings%3DeyJpZCI6Mjk2NCwidXJsIjoiaHR0cDpcL1wvY29sZWdpb3NhbnRhY2VjaWxpYS5jbFwvbmV3XC93cC1jb250ZW50XC91cGxvYWRzXC8yMDIxXC8wNlwvZGlhLWRlbC1saWJyby0yMS0wNC5qcGciLCJzbGlkZXNob3ciOiIwODIyMjUzIn0%3D\" href='http:\/\/colegiosantacecilia.cl\/new\/wp-content\/uploads\/2021\/06\/dia-del-libro-21-04.jpg'><img loading=\"lazy\" decoding=\"async\" width=\"300\" height=\"300\" src=\"http:\/\/colegiosantacecilia.cl\/new\/wp-content\/uploads\/2021\/06\/dia-del-libro-21-04-300x300.jpg\" class=\"attachment-medium size-medium\" alt=\"\" srcset=\"http:\/\/colegiosantacecilia.cl\/new\/wp-content\/uploads\/2021\/06\/dia-del-libro-21-04-300x300.jpg 300w, http:\/\/colegiosantacecilia.cl\/new\/wp-content\/uploads\/2021\/06\/dia-del-libro-21-04-150x150.jpg 150w, http:\/\/colegiosantacecilia.cl\/new\/wp-content\/uploads\/2021\/06\/dia-del-libro-21-04-768x768.jpg 768w, http:\/\/colegiosantacecilia.cl\/new\/wp-content\/uploads\/2021\/06\/dia-del-libro-21-04-1024x1024.jpg 1024w, http:\/\/colegiosantacecilia.cl\/new\/wp-content\/uploads\/2021\/06\/dia-del-libro-21-04.jpg 2001w\" sizes=\"(max-width: 300px) 100vw, 300px\" \/><\/a>\n\t\t\t<\/dt><\/dl><br style=\"clear: both\" \/>\n\t\t<\/div>\n\t\t<\/div>\n\t\t\t\t\t\t<\/div>\n\t\t\t\t<\/div>\n\t\t\t\t\t<\/div>\n\t\t<\/div>\n\t\t\t\t\t<\/div>\n\t\t<\/section>\n\t\t\t\t<section class=\"elementor-section elementor-top-section elementor-element elementor-element-6109132 elementor-section-boxed elementor-section-height-default elementor-section-height-default\" data-id=\"6109132\" data-element_type=\"section\">\n\t\t\t\t\t\t<div class=\"elementor-container elementor-column-gap-default\">\n\t\t\t\t\t<div class=\"elementor-column elementor-col-100 elementor-top-column elementor-element elementor-element-8575048\" data-id=\"8575048\" data-element_type=\"column\">\n\t\t\t<div class=\"elementor-widget-wrap elementor-element-populated\">\n\t\t\t\t\t\t<div class=\"elementor-element elementor-element-0f347cf elementor-widget elementor-widget-heading\" data-id=\"0f347cf\" data-element_type=\"widget\" data-widget_type=\"heading.default\">\n\t\t\t\t<div class=\"elementor-widget-container\">\n\t\t\t\t\t<h2 class=\"elementor-heading-title elementor-size-default\">Otros relatos destacados<\/h2>\t\t\t\t<\/div>\n\t\t\t\t<\/div>\n\t\t\t\t<div class=\"elementor-element elementor-element-e26d4b5 elementor-tabs-view-vertical elementor-widget elementor-widget-tabs\" data-id=\"e26d4b5\" data-element_type=\"widget\" data-widget_type=\"tabs.default\">\n\t\t\t\t<div class=\"elementor-widget-container\">\n\t\t\t\t\t\t\t<div class=\"elementor-tabs\">\n\t\t\t<div class=\"elementor-tabs-wrapper\" role=\"tablist\" >\n\t\t\t\t\t\t\t\t\t<div id=\"elementor-tab-title-2371\" class=\"elementor-tab-title elementor-tab-desktop-title\" aria-selected=\"true\" data-tab=\"1\" role=\"tab\" tabindex=\"0\" aria-controls=\"elementor-tab-content-2371\" aria-expanded=\"false\">Florencia Gonz\u00e1lez (4\u00baM)<\/div>\n\t\t\t\t\t\t\t\t\t<div id=\"elementor-tab-title-2372\" class=\"elementor-tab-title elementor-tab-desktop-title\" aria-selected=\"false\" data-tab=\"2\" role=\"tab\" tabindex=\"-1\" aria-controls=\"elementor-tab-content-2372\" aria-expanded=\"false\">Mar\u00eda Paz Iba\u00f1ez (2\u00baM)<\/div>\n\t\t\t\t\t\t\t\t\t<div id=\"elementor-tab-title-2373\" class=\"elementor-tab-title elementor-tab-desktop-title\" aria-selected=\"false\" data-tab=\"3\" role=\"tab\" tabindex=\"-1\" aria-controls=\"elementor-tab-content-2373\" aria-expanded=\"false\">Natalia Coronado (2\u00baM)<\/div>\n\t\t\t\t\t\t\t\t\t<div id=\"elementor-tab-title-2374\" class=\"elementor-tab-title elementor-tab-desktop-title\" aria-selected=\"false\" data-tab=\"4\" role=\"tab\" tabindex=\"-1\" aria-controls=\"elementor-tab-content-2374\" aria-expanded=\"false\">Constanza Pastene (1\u00baM)<\/div>\n\t\t\t\t\t\t\t\t\t<div id=\"elementor-tab-title-2375\" class=\"elementor-tab-title elementor-tab-desktop-title\" aria-selected=\"false\" data-tab=\"5\" role=\"tab\" tabindex=\"-1\" aria-controls=\"elementor-tab-content-2375\" aria-expanded=\"false\">Montserrat Soto (6\u00ba)<\/div>\n\t\t\t\t\t\t\t\t\t<div id=\"elementor-tab-title-2376\" class=\"elementor-tab-title elementor-tab-desktop-title\" aria-selected=\"false\" data-tab=\"6\" role=\"tab\" tabindex=\"-1\" aria-controls=\"elementor-tab-content-2376\" aria-expanded=\"false\">Fernanda Galaz (2\u00baM)<\/div>\n\t\t\t\t\t\t\t\t\t<div id=\"elementor-tab-title-2377\" class=\"elementor-tab-title elementor-tab-desktop-title\" aria-selected=\"false\" data-tab=\"7\" role=\"tab\" tabindex=\"-1\" aria-controls=\"elementor-tab-content-2377\" aria-expanded=\"false\">Catalina Olguin (1\u00baM)<\/div>\n\t\t\t\t\t\t\t\t\t<div id=\"elementor-tab-title-2378\" class=\"elementor-tab-title elementor-tab-desktop-title\" aria-selected=\"false\" data-tab=\"8\" role=\"tab\" tabindex=\"-1\" aria-controls=\"elementor-tab-content-2378\" aria-expanded=\"false\">Gabriela Andrade (3\u00baM)<\/div>\n\t\t\t\t\t\t\t\t\t<div id=\"elementor-tab-title-2379\" class=\"elementor-tab-title elementor-tab-desktop-title\" aria-selected=\"false\" data-tab=\"9\" role=\"tab\" tabindex=\"-1\" aria-controls=\"elementor-tab-content-2379\" aria-expanded=\"false\">Martina Soto (1\u00baM)<\/div>\n\t\t\t\t\t\t\t<\/div>\n\t\t\t<div class=\"elementor-tabs-content-wrapper\" role=\"tablist\" aria-orientation=\"vertical\">\n\t\t\t\t\t\t\t\t\t<div class=\"elementor-tab-title elementor-tab-mobile-title\" aria-selected=\"true\" data-tab=\"1\" role=\"tab\" tabindex=\"0\" aria-controls=\"elementor-tab-content-2371\" aria-expanded=\"false\">Florencia Gonz\u00e1lez (4\u00baM)<\/div>\n\t\t\t\t\t<div id=\"elementor-tab-content-2371\" class=\"elementor-tab-content elementor-clearfix\" data-tab=\"1\" role=\"tabpanel\" aria-labelledby=\"elementor-tab-title-2371\" tabindex=\"0\" hidden=\"false\"><p><strong>M\u00e1s que un calcet\u00edn<\/strong><\/p><p>Perd\u00ed mi calcet\u00edn, no lo encuentro ya llevo semanas sin saber d\u00f3nde est\u00e1, ya empiezo a extra\u00f1arlo, le pregunto a todos donde se habr\u00e1 ido, nadie en mi casa lo ha visto. \u00bfA d\u00f3nde se ir\u00e1n las cosas que perdemos y que nunca volvemos a encontrar?, les digo. \u00bfAcaso estar\u00e1 ah\u00ed todo lo perdido? Me pregunto. \u00bfEncontrar\u00e9 ah\u00ed mi calcet\u00edn?, \u00bfpodr\u00e9 encontrar ah\u00ed los cumplea\u00f1os que no fui?, \u00bflas horas de recreo que no viv\u00ed?, \u00bfpodr\u00e9 encontrar esos chistes que dijimos una vez por ah\u00ed? \u00bfD\u00f3nde podremos encontrar todas esas cosas que ten\u00edamos y que ya no est\u00e1n por aqu\u00ed? Quiero respuestas, quiero encontrar la soluci\u00f3n a este dilema, incluso pienso que esto lo provoc\u00f3 la pandemia, pero los calcetines siempre se han perdido, no deber\u00eda ser un problema, puedo vivir sin mi calcet\u00edn y con todo lo que no encuentro por ah\u00ed, tal vez las cosas deben ser as\u00ed.<\/p><\/div>\n\t\t\t\t\t\t\t\t\t<div class=\"elementor-tab-title elementor-tab-mobile-title\" aria-selected=\"false\" data-tab=\"2\" role=\"tab\" tabindex=\"-1\" aria-controls=\"elementor-tab-content-2372\" aria-expanded=\"false\">Mar\u00eda Paz Iba\u00f1ez (2\u00baM)<\/div>\n\t\t\t\t\t<div id=\"elementor-tab-content-2372\" class=\"elementor-tab-content elementor-clearfix\" data-tab=\"2\" role=\"tabpanel\" aria-labelledby=\"elementor-tab-title-2372\" tabindex=\"0\" hidden=\"hidden\"><p>Un d\u00eda muy normal se avis\u00f3 que se iba hacer una cuarentena por un virus, la gente no entendi\u00f3 e igual segu\u00edan saliendo, Lila es una ni\u00f1a que aprendi\u00f3 muchas cosas en la cuarentena como: cocinar, hacer aseo, clases online. Y algo triste le sucedi\u00f3 su mama se quedo sin trabajo y su papa se quedo sin mama, fueron unos meses duros pero lograron estabilizar sus emociones, hasta que apareci\u00f3 un arco\u00edris con miles de colores que representaba las emociones de cada d\u00eda de cada una de las personas del Pa\u00eds. Lila todos los d\u00edas iba ver c\u00f3mo iba su arco\u00edris, estaba mesclada rosado con naranjo \u00f3sea alegr\u00eda y entretenci\u00f3n, todo fue porque conoci\u00f3 una serie riverdale y sigui\u00f3 con su arco\u00edris rosa.<\/p><\/div>\n\t\t\t\t\t\t\t\t\t<div class=\"elementor-tab-title elementor-tab-mobile-title\" aria-selected=\"false\" data-tab=\"3\" role=\"tab\" tabindex=\"-1\" aria-controls=\"elementor-tab-content-2373\" aria-expanded=\"false\">Natalia Coronado (2\u00baM)<\/div>\n\t\t\t\t\t<div id=\"elementor-tab-content-2373\" class=\"elementor-tab-content elementor-clearfix\" data-tab=\"3\" role=\"tabpanel\" aria-labelledby=\"elementor-tab-title-2373\" tabindex=\"0\" hidden=\"hidden\"><p><strong>Luces<\/strong><\/p><p>Por segunda vez en la semana salgo a la calle de madrugada. Pulso el bot\u00f3n del ascensor. Saludo al conserje y me dirijo al parque. De pronto, dos luces rojas tras los arbustos. Mir\u00f3 con desconfianza, me dio temor y regres\u00f3 al edificio. Las luces me siguen, siento terror, aument\u00f3 el paso, me persiguen. Veo un negocio, compro una botella de agua mineral. Hay m\u00e1s gente en el lugar y me siento protegido. Llego a casa y trabo la puerta con una silla por si las luces reaparecen. Me siento seguro.<\/p><p>\u201c\u00a1No puse el despertador!, otra vez al mediod\u00eda. Era solo sue\u00f1o\u201d, pens\u00e9. En la cocina me espera una botella de agua mineral que no recuerdo haber comprado. Camino y otra vez me tropiezo y por segunda vez en la semana, con una silla que impide el paso en el acceso al departamento. \u201c\u00bfCu\u00e1ndo la puse ah\u00ed?\u201d<\/p><\/div>\n\t\t\t\t\t\t\t\t\t<div class=\"elementor-tab-title elementor-tab-mobile-title\" aria-selected=\"false\" data-tab=\"4\" role=\"tab\" tabindex=\"-1\" aria-controls=\"elementor-tab-content-2374\" aria-expanded=\"false\">Constanza Pastene (1\u00baM)<\/div>\n\t\t\t\t\t<div id=\"elementor-tab-content-2374\" class=\"elementor-tab-content elementor-clearfix\" data-tab=\"4\" role=\"tabpanel\" aria-labelledby=\"elementor-tab-title-2374\" tabindex=\"0\" hidden=\"hidden\"><p>La primera vez<\/p><p>nos vimos<\/p><p>nos enamoramos<\/p><p>nos amamos&#8230;<\/p><p>Desde entonces nos buscamos esperando volver a vernos en un nuevo sue\u00f1o.<\/p><\/div>\n\t\t\t\t\t\t\t\t\t<div class=\"elementor-tab-title elementor-tab-mobile-title\" aria-selected=\"false\" data-tab=\"5\" role=\"tab\" tabindex=\"-1\" aria-controls=\"elementor-tab-content-2375\" aria-expanded=\"false\">Montserrat Soto (6\u00ba)<\/div>\n\t\t\t\t\t<div id=\"elementor-tab-content-2375\" class=\"elementor-tab-content elementor-clearfix\" data-tab=\"5\" role=\"tabpanel\" aria-labelledby=\"elementor-tab-title-2375\" tabindex=\"0\" hidden=\"hidden\"><p><strong>La rutina de la gata mamona<\/strong><\/p><p>Mis ma\u00f1anas comienzan por los gritos de unos mocosos no los soporto, me levante de golpe y le fui corriendo por mi mala suerte me cruc\u00e9 con el perro pero esta vez no me dijo nada, corr\u00ed hacia me arenero y me encontr\u00e9 con la gran sorpresa de que estaba limpio pero para no ensuciarlo hice abajo del comedor, luego me fui a pelear con el gato de la vecina est\u00e1 vez le gane luego como no tenia nada que hacer me fui a conversar con el perro.me quede dormida como por cuatro horas y me fui a cenar jugu\u00e9 con mi amo y luego discut\u00ed con el perro ten\u00eda ganas de ir al ba\u00f1o pero no me aguante as\u00ed que les deje una sorpresa en la alfombra como no tenia nada que hacer me fui a dormir y luego hay que leer el cuento de nuevo.<\/p><\/div>\n\t\t\t\t\t\t\t\t\t<div class=\"elementor-tab-title elementor-tab-mobile-title\" aria-selected=\"false\" data-tab=\"6\" role=\"tab\" tabindex=\"-1\" aria-controls=\"elementor-tab-content-2376\" aria-expanded=\"false\">Fernanda Galaz (2\u00baM)<\/div>\n\t\t\t\t\t<div id=\"elementor-tab-content-2376\" class=\"elementor-tab-content elementor-clearfix\" data-tab=\"6\" role=\"tabpanel\" aria-labelledby=\"elementor-tab-title-2376\" tabindex=\"0\" hidden=\"hidden\"><p><strong>Relato de una quincea\u00f1era en pandemia<\/strong><\/p><p>Hola soy Fernanda, pero me gusta que me digan \u201cFe\u00f1a\u201d, como me llaman mis amigos, y estoy a d\u00edas de cumplir mis 15 a\u00f1os.<\/p><p>Desde el 16 de marzo del 2020 mi vida cambio en un 1000%, pase de ser una adolescente que iba al colegio a diario, compart\u00eda con mis amigos, sal\u00eda a visitar a mis abuelos, a estar en el m\u00e1s absoluto confinamiento.<\/p><p>Dicen que por unos dichosos chinos al otro lado del mundo, que se comieron un murci\u00e9lago mal cocido. wuacala.<\/p><p>El COVID 19 como le llamar\u00f3n a este virus letal, hoy solo me hace pensar en todo lo que tuvimos y hoy no tenemos, lo importante de dar un abrazo, compartir, y poder salir libres.<\/p><p>Estoy segura que este fue un grito desesperado de la tierra, para darle un respiro, y un remez\u00f3n para nuestras d\u00e9biles conciencias y aceptar lo fr\u00e1giles que somos como humanidad.<\/p><\/div>\n\t\t\t\t\t\t\t\t\t<div class=\"elementor-tab-title elementor-tab-mobile-title\" aria-selected=\"false\" data-tab=\"7\" role=\"tab\" tabindex=\"-1\" aria-controls=\"elementor-tab-content-2377\" aria-expanded=\"false\">Catalina Olguin (1\u00baM)<\/div>\n\t\t\t\t\t<div id=\"elementor-tab-content-2377\" class=\"elementor-tab-content elementor-clearfix\" data-tab=\"7\" role=\"tabpanel\" aria-labelledby=\"elementor-tab-title-2377\" tabindex=\"0\" hidden=\"hidden\"><p><strong>Cambio radical<\/strong><\/p><p>Las hermanas salieron del colegio un d\u00eda viernes, entusiasmadas con el panorama de ir a su casa. Era una tarde de disfrutar con su madre por cumplir su segunda semana en el colegio, y aunque las noticias informaban sobre el coronavirus, viv\u00edan su vida como cualquier d\u00eda normal.<br \/>Un fin de semana, su mam\u00e1 les inform\u00f3 que ya no pod\u00edan ir a clases producto del virus, claro ellas estaban felices porque iban a poder dormir, flojear, ver pel\u00edculas en Netflix, y su colegio cre\u00f3 un formato para poder hacer clases.<\/p><p>Tres semanas de estar encerradas llevan las hermanas, y como todo ser piensa que todo ni\u00f1o quiere dejar el colegio, pero las estudiantes lo \u00fanico que quieren es salir e ir al colegio, porque las clases en l\u00ednea no se comparan con ir a clases y estar con amigas, compa\u00f1eras y profesores.<\/p><\/div>\n\t\t\t\t\t\t\t\t\t<div class=\"elementor-tab-title elementor-tab-mobile-title\" aria-selected=\"false\" data-tab=\"8\" role=\"tab\" tabindex=\"-1\" aria-controls=\"elementor-tab-content-2378\" aria-expanded=\"false\">Gabriela Andrade (3\u00baM)<\/div>\n\t\t\t\t\t<div id=\"elementor-tab-content-2378\" class=\"elementor-tab-content elementor-clearfix\" data-tab=\"8\" role=\"tabpanel\" aria-labelledby=\"elementor-tab-title-2378\" tabindex=\"0\" hidden=\"hidden\"><p><strong>\u201cRecuerdo\u201d<\/strong><\/p><p>Todav\u00eda recuerdo los d\u00edas de escuela, cuando mis amigos bromeaban sobre la actitud de nuestra maestra de matem\u00e1ticas, el c\u00f3mo pronunciaba la s como si fuera una z nos causaba gracia, tambi\u00e9n recuerdo cuando nos junt\u00e1bamos mis amigos y yo a perder el tiempo en la plaza.<\/p><p>Al sacar de paseo a mi perro sol\u00eda toparme con una chica muy bonita, nunca tuve las agallas de pedir su n\u00famero, hoy me arrepiento, nadie imagin\u00f3 lo duro que ser\u00eda la situaci\u00f3n, el como tantas vidas se perder\u00edan, extra\u00f1o a mis compa\u00f1eros y sus bromas, extra\u00f1o a esa chica del parque, jam\u00e1s pens\u00e9 que el aislarme me har\u00eda sentir tan solo, aunque tenga la compa\u00f1\u00eda de mi madre el sentimiento amargo no se va, es doloroso.<br \/>He bajado mucho de peso, estoy desmotivado, no logro concentrarme en mis clases, mis notas bajan, solo me queda el calor de mi mascota como consuelo.<\/p><\/div>\n\t\t\t\t\t\t\t\t\t<div class=\"elementor-tab-title elementor-tab-mobile-title\" aria-selected=\"false\" data-tab=\"9\" role=\"tab\" tabindex=\"-1\" aria-controls=\"elementor-tab-content-2379\" aria-expanded=\"false\">Martina Soto (1\u00baM)<\/div>\n\t\t\t\t\t<div id=\"elementor-tab-content-2379\" class=\"elementor-tab-content elementor-clearfix\" data-tab=\"9\" role=\"tabpanel\" aria-labelledby=\"elementor-tab-title-2379\" tabindex=\"0\" hidden=\"hidden\"><p><strong>Camino a Casa<\/strong><\/p><p>Todo comenz\u00f3 una noche de invierno, su pelaje no daba m\u00e1s de mojado, sent\u00eda que la vida se le iba de tanto fr\u00edo que cargaba, los humanos como nunca estaban encerrados y los pocos que andaban en la calle llevaban mascaras extra\u00f1as en sus rostros. Corr\u00eda de un \u00e1rbol a otro, tratando de encontrar refugio, arrancando de los ladridos de los perros y de los estruendos que causaban los truenos que se escuchaban por la tormenta.<\/p><p>De repente, una luz apareci\u00f3 a la distancia, crey\u00f3 reconocer a sus humanos, corri\u00f3 tratando de llegar a lo que alguna vez hab\u00eda sido su hogar. Por fin, la vida le sonre\u00eda a pesar del fr\u00edo, su intuici\u00f3n no le fallaba, habr\u00eda encontrado el camino a casa. Su coraz\u00f3n se llen\u00f3 de alegr\u00eda, abrazo tan fuerte a su humano que instant\u00e1neamente comenz\u00f3 a ronronear y sinti\u00f3 nuevamente el calor de tener un hogar.<\/p><\/div>\n\t\t\t\t\t\t\t<\/div>\n\t\t<\/div>\n\t\t\t\t\t\t<\/div>\n\t\t\t\t<\/div>\n\t\t\t\t\t<\/div>\n\t\t<\/div>\n\t\t\t\t\t<\/div>\n\t\t<\/section>\n\t\t\t\t<\/div>\n\t\t","protected":false},"excerpt":{"rendered":"<p>A trav\u00e9s de diferentes instancias, en abril celebramos el D\u00eda Internacional del Libro y el derecho de Autor. Una de las actividades que tuvo una gran convocatoria fue el Concurso de creaci\u00f3n literaria en donde participaron mas de 30 estudiantes de diferentes cursos, a continuaci\u00f3n les presentamos a las estudiantes [&hellip;]<\/p>\n","protected":false},"author":1,"featured_media":2961,"comment_status":"closed","ping_status":"closed","sticky":false,"template":"","format":"standard","meta":{"footnotes":""},"categories":[36,3],"tags":[],"class_list":["post-2959","post","type-post","status-publish","format-standard","has-post-thumbnail","hentry","category-efemerides","category-noticias"],"views":1525,"_links":{"self":[{"href":"http:\/\/colegiosantacecilia.cl\/new\/wp-json\/wp\/v2\/posts\/2959","targetHints":{"allow":["GET"]}}],"collection":[{"href":"http:\/\/colegiosantacecilia.cl\/new\/wp-json\/wp\/v2\/posts"}],"about":[{"href":"http:\/\/colegiosantacecilia.cl\/new\/wp-json\/wp\/v2\/types\/post"}],"author":[{"embeddable":true,"href":"http:\/\/colegiosantacecilia.cl\/new\/wp-json\/wp\/v2\/users\/1"}],"replies":[{"embeddable":true,"href":"http:\/\/colegiosantacecilia.cl\/new\/wp-json\/wp\/v2\/comments?post=2959"}],"version-history":[{"count":13,"href":"http:\/\/colegiosantacecilia.cl\/new\/wp-json\/wp\/v2\/posts\/2959\/revisions"}],"predecessor-version":[{"id":2978,"href":"http:\/\/colegiosantacecilia.cl\/new\/wp-json\/wp\/v2\/posts\/2959\/revisions\/2978"}],"wp:featuredmedia":[{"embeddable":true,"href":"http:\/\/colegiosantacecilia.cl\/new\/wp-json\/wp\/v2\/media\/2961"}],"wp:attachment":[{"href":"http:\/\/colegiosantacecilia.cl\/new\/wp-json\/wp\/v2\/media?parent=2959"}],"wp:term":[{"taxonomy":"category","embeddable":true,"href":"http:\/\/colegiosantacecilia.cl\/new\/wp-json\/wp\/v2\/categories?post=2959"},{"taxonomy":"post_tag","embeddable":true,"href":"http:\/\/colegiosantacecilia.cl\/new\/wp-json\/wp\/v2\/tags?post=2959"}],"curies":[{"name":"wp","href":"https:\/\/api.w.org\/{rel}","templated":true}]}}