{"id":3127,"date":"2021-08-24T16:07:08","date_gmt":"2021-08-24T20:07:08","guid":{"rendered":"http:\/\/colegiosantacecilia.cl\/new\/?p=3127"},"modified":"2021-08-24T16:07:08","modified_gmt":"2021-08-24T20:07:08","slug":"celebracion-pascua-de-m-magdalena-guerrero","status":"publish","type":"post","link":"http:\/\/colegiosantacecilia.cl\/new\/celebracion-pascua-de-m-magdalena-guerrero\/","title":{"rendered":"Celebraci\u00f3n Pascua de M. Magdalena Guerrero"},"content":{"rendered":"<p><a href=\"http:\/\/colegiosantacecilia.cl\/new\/wp-content\/uploads\/2021\/08\/IMG-20210824-WA0007-e1629835595513.jpeg\"><img fetchpriority=\"high\" decoding=\"async\" src=\"http:\/\/colegiosantacecilia.cl\/new\/wp-content\/uploads\/2021\/08\/IMG-20210824-WA0007-e1629835595513-169x300.jpeg\" alt=\"\" width=\"169\" height=\"300\" class=\"size-medium wp-image-3129 alignleft\" srcset=\"http:\/\/colegiosantacecilia.cl\/new\/wp-content\/uploads\/2021\/08\/IMG-20210824-WA0007-e1629835595513-169x300.jpeg 169w, http:\/\/colegiosantacecilia.cl\/new\/wp-content\/uploads\/2021\/08\/IMG-20210824-WA0007-e1629835595513-768x1365.jpeg 768w, http:\/\/colegiosantacecilia.cl\/new\/wp-content\/uploads\/2021\/08\/IMG-20210824-WA0007-e1629835595513-576x1024.jpeg 576w\" sizes=\"(max-width: 169px) 100vw, 169px\" \/><\/a>Un significativo momento de oraci\u00f3n pudimos compartir el 24 de agosto al celebrar la Pascua de nuestra fundadora M. Mar\u00eda Magdalena Guerrero Larra\u00edn.<\/p>\n<p>Las estudiantes de 6\u00ba b\u00e1sico a 4\u00ba medio que se encuentran asistiendo a clases presenciales, y quienes asisten mediante videoconferencias (sistema h\u00edbrido) pudieron participar de un momento de oraci\u00f3n dirigido por Pastoral y estudiantes de 2\u00ba medio desde el Templo de la Preciosa Sangre, en donde se dio gracias a Dios por la vida y legado de M. Magdalena y se le dej\u00f3 un arreglo floral en el lugar en donde descansan sus restos mortales.<\/p>\n<p>Agradecemos a los profesores que se hicieron parte del coro y a quienes se conectaron desde sus casas participando activamente del momento.<\/p>\n","protected":false},"excerpt":{"rendered":"<p>Un significativo momento de oraci\u00f3n pudimos compartir el 24 de agosto al celebrar la Pascua de nuestra fundadora M. Mar\u00eda Magdalena Guerrero Larra\u00edn. Las estudiantes de 6\u00ba b\u00e1sico a 4\u00ba medio que se encuentran asistiendo a clases presenciales, y quienes asisten mediante videoconferencias (sistema h\u00edbrido) pudieron participar de un momento [&hellip;]<\/p>\n","protected":false},"author":1,"featured_media":3128,"comment_status":"closed","ping_status":"closed","sticky":false,"template":"","format":"standard","meta":{"footnotes":""},"categories":[3],"tags":[],"class_list":["post-3127","post","type-post","status-publish","format-standard","has-post-thumbnail","hentry","category-noticias"],"views":1133,"_links":{"self":[{"href":"http:\/\/colegiosantacecilia.cl\/new\/wp-json\/wp\/v2\/posts\/3127","targetHints":{"allow":["GET"]}}],"collection":[{"href":"http:\/\/colegiosantacecilia.cl\/new\/wp-json\/wp\/v2\/posts"}],"about":[{"href":"http:\/\/colegiosantacecilia.cl\/new\/wp-json\/wp\/v2\/types\/post"}],"author":[{"embeddable":true,"href":"http:\/\/colegiosantacecilia.cl\/new\/wp-json\/wp\/v2\/users\/1"}],"replies":[{"embeddable":true,"href":"http:\/\/colegiosantacecilia.cl\/new\/wp-json\/wp\/v2\/comments?post=3127"}],"version-history":[{"count":1,"href":"http:\/\/colegiosantacecilia.cl\/new\/wp-json\/wp\/v2\/posts\/3127\/revisions"}],"predecessor-version":[{"id":3130,"href":"http:\/\/colegiosantacecilia.cl\/new\/wp-json\/wp\/v2\/posts\/3127\/revisions\/3130"}],"wp:featuredmedia":[{"embeddable":true,"href":"http:\/\/colegiosantacecilia.cl\/new\/wp-json\/wp\/v2\/media\/3128"}],"wp:attachment":[{"href":"http:\/\/colegiosantacecilia.cl\/new\/wp-json\/wp\/v2\/media?parent=3127"}],"wp:term":[{"taxonomy":"category","embeddable":true,"href":"http:\/\/colegiosantacecilia.cl\/new\/wp-json\/wp\/v2\/categories?post=3127"},{"taxonomy":"post_tag","embeddable":true,"href":"http:\/\/colegiosantacecilia.cl\/new\/wp-json\/wp\/v2\/tags?post=3127"}],"curies":[{"name":"wp","href":"https:\/\/api.w.org\/{rel}","templated":true}]}}