{"id":4081,"date":"2022-11-06T15:09:41","date_gmt":"2022-11-06T19:09:41","guid":{"rendered":"http:\/\/colegiosantacecilia.cl\/new\/?p=4081"},"modified":"2022-11-08T15:09:50","modified_gmt":"2022-11-08T19:09:50","slug":"5-cecilianas-confirmaron-su-fe-en-jesus","status":"publish","type":"post","link":"http:\/\/colegiosantacecilia.cl\/new\/5-cecilianas-confirmaron-su-fe-en-jesus\/","title":{"rendered":"5 Cecilianas confirmaron su Fe en Jes\u00fas"},"content":{"rendered":"<p style=\"text-align: center;\"><em>\u201dLes estoy diciendo todo esto mientras estoy con ustedes; pero el defensor, el Esp\u00edritu Santo que el Padre va a enviar en mi nombre, les ense\u00f1ar\u00e1 todas las cosas y les recordar\u00e1 todo lo que yo les he dicho\u201d (Jn 14, 25-26)<\/em><\/p>\n<p><span>Compartimos con ustedes la alegr\u00eda de 5 estudiantes Cecilianas que el s\u00e1bado 5 de noviembre recibieron el Sacramento de la Confirmaci\u00f3n de manos del Vicario para la Educaci\u00f3n, P. Andr\u00e9s Moro.\u00a0<\/span><\/p>\n<ul>\n<li>Mar\u00eda Fernanda Espinoza (II\u00b0 Medio)<\/li>\n<li>Natalia Coronado (III\u00b0 Medio)<\/li>\n<li>Fernanda Galaz (III\u00b0 Medio)<\/li>\n<li>Mariapaz Espinoza (III\u00b0 Medio)<\/li>\n<li>Martina N\u00fa\u00f1ez (III\u00b0 Medio)<\/li>\n<\/ul>\n<p>En su homil\u00eda el padre Andr\u00e9s felicit\u00f3 a este grupo de j\u00f3venes y valor\u00f3 su decisi\u00f3n de dar un s\u00ed a Jes\u00fas agregando que no es f\u00e1cil seguir el camino de Dios en estos tiempos, invit\u00f3 a las estudiantes, a sus madrinas y familias a no abandonar esta senda pues con la ayuda el Esp\u00edritu Santo todo se hace mas f\u00e1cil.<\/p>\n<p><span>La preparaci\u00f3n de este grupo se desarroll\u00f3 durante este a\u00f1o y su gu\u00eda durante este proceso formativo y de discernimiento fue la Hna. Camila Romero.<\/span><\/p>\n<p>El Centro de Padres del Colegio se hizo presente en la ceremonia y entreg\u00f3 a cada estudiante un denario de plata como recuerdo de este importante hito en su vida cristiana.<\/p>\n<p><strong>Fotos de la Ceremonia:<\/strong><\/p>\n<p><a data-flickr-embed=\"true\" href=\"https:\/\/www.flickr.com\/photos\/colegiosantacecilia\/albums\/72177720303483439\" title=\"Confirmaciones 2022\"><img fetchpriority=\"high\" decoding=\"async\" src=\"https:\/\/live.staticflickr.com\/65535\/52483002054_fd485850f2_c.jpg\" width=\"800\" height=\"600\" alt=\"Confirmaciones 2022\" \/><\/a><script async src=\"\/\/embedr.flickr.com\/assets\/client-code.js\" charset=\"utf-8\"><\/script><\/p>\n","protected":false},"excerpt":{"rendered":"<p>\u201dLes estoy diciendo todo esto mientras estoy con ustedes; pero el defensor, el Esp\u00edritu Santo que el Padre va a enviar en mi nombre, les ense\u00f1ar\u00e1 todas las cosas y les recordar\u00e1 todo lo que yo les he dicho\u201d (Jn 14, 25-26) Compartimos con ustedes la alegr\u00eda de 5 estudiantes [&hellip;]<\/p>\n","protected":false},"author":1,"featured_media":4082,"comment_status":"closed","ping_status":"closed","sticky":false,"template":"","format":"standard","meta":{"footnotes":""},"categories":[3],"tags":[],"class_list":["post-4081","post","type-post","status-publish","format-standard","has-post-thumbnail","hentry","category-noticias"],"views":923,"_links":{"self":[{"href":"http:\/\/colegiosantacecilia.cl\/new\/wp-json\/wp\/v2\/posts\/4081","targetHints":{"allow":["GET"]}}],"collection":[{"href":"http:\/\/colegiosantacecilia.cl\/new\/wp-json\/wp\/v2\/posts"}],"about":[{"href":"http:\/\/colegiosantacecilia.cl\/new\/wp-json\/wp\/v2\/types\/post"}],"author":[{"embeddable":true,"href":"http:\/\/colegiosantacecilia.cl\/new\/wp-json\/wp\/v2\/users\/1"}],"replies":[{"embeddable":true,"href":"http:\/\/colegiosantacecilia.cl\/new\/wp-json\/wp\/v2\/comments?post=4081"}],"version-history":[{"count":1,"href":"http:\/\/colegiosantacecilia.cl\/new\/wp-json\/wp\/v2\/posts\/4081\/revisions"}],"predecessor-version":[{"id":4083,"href":"http:\/\/colegiosantacecilia.cl\/new\/wp-json\/wp\/v2\/posts\/4081\/revisions\/4083"}],"wp:featuredmedia":[{"embeddable":true,"href":"http:\/\/colegiosantacecilia.cl\/new\/wp-json\/wp\/v2\/media\/4082"}],"wp:attachment":[{"href":"http:\/\/colegiosantacecilia.cl\/new\/wp-json\/wp\/v2\/media?parent=4081"}],"wp:term":[{"taxonomy":"category","embeddable":true,"href":"http:\/\/colegiosantacecilia.cl\/new\/wp-json\/wp\/v2\/categories?post=4081"},{"taxonomy":"post_tag","embeddable":true,"href":"http:\/\/colegiosantacecilia.cl\/new\/wp-json\/wp\/v2\/tags?post=4081"}],"curies":[{"name":"wp","href":"https:\/\/api.w.org\/{rel}","templated":true}]}}