{"id":4208,"date":"2022-12-23T10:52:20","date_gmt":"2022-12-23T14:52:20","guid":{"rendered":"http:\/\/colegiosantacecilia.cl\/new\/?p=4208"},"modified":"2022-12-23T10:52:20","modified_gmt":"2022-12-23T14:52:20","slug":"saludo-navideno-2023","status":"publish","type":"post","link":"http:\/\/colegiosantacecilia.cl\/new\/saludo-navideno-2023\/","title":{"rendered":"Saludo Navide\u00f1o 2023"},"content":{"rendered":"<p><a href=\"http:\/\/colegiosantacecilia.cl\/new\/wp-content\/uploads\/2022\/12\/2_1220-Navidad-CSC-03-1.jpg\"><img fetchpriority=\"high\" decoding=\"async\" src=\"http:\/\/colegiosantacecilia.cl\/new\/wp-content\/uploads\/2022\/12\/2_1220-Navidad-CSC-03-1-1024x769.jpg\" alt=\"\" width=\"750\" height=\"563\" class=\"aligncenter size-large wp-image-4211\" srcset=\"http:\/\/colegiosantacecilia.cl\/new\/wp-content\/uploads\/2022\/12\/2_1220-Navidad-CSC-03-1-1024x769.jpg 1024w, http:\/\/colegiosantacecilia.cl\/new\/wp-content\/uploads\/2022\/12\/2_1220-Navidad-CSC-03-1-300x225.jpg 300w, http:\/\/colegiosantacecilia.cl\/new\/wp-content\/uploads\/2022\/12\/2_1220-Navidad-CSC-03-1-768x577.jpg 768w\" sizes=\"(max-width: 750px) 100vw, 750px\" \/><\/a>Llegamos al t\u00e9rmino del a\u00f1o y siempre es tiempo de hacer balances, el ni\u00f1o Jes\u00fas que nacer\u00e1 en Bel\u00e9n viene a acoger nuestros dolores y alegr\u00edas, viene a consolar nuestro coraz\u00f3n cansado. Dejemos que entre en nuestras vidas y recib\u00e1moslo con regalos de amor y fraternidad.<\/p>\n<p>Porque navidad es compartir y agradecer, es tiempo de la honestidad, de dedicar palabras y demostrar sentimientos\u2026 de pedir perd\u00f3n y mirarnos a los ojos.<\/p>\n<p>Con mucho afecto, Hna. Anabella Parra Mu\u00f1oz, Directora Colegio Santa Cecilia.<\/p>\n","protected":false},"excerpt":{"rendered":"<p>Llegamos al t\u00e9rmino del a\u00f1o y siempre es tiempo de hacer balances, el ni\u00f1o Jes\u00fas que nacer\u00e1 en Bel\u00e9n viene a acoger nuestros dolores y alegr\u00edas, viene a consolar nuestro coraz\u00f3n cansado. Dejemos que entre en nuestras vidas y recib\u00e1moslo con regalos de amor y fraternidad. Porque navidad es compartir [&hellip;]<\/p>\n","protected":false},"author":1,"featured_media":4210,"comment_status":"closed","ping_status":"closed","sticky":false,"template":"","format":"standard","meta":{"footnotes":""},"categories":[36,3],"tags":[],"class_list":["post-4208","post","type-post","status-publish","format-standard","has-post-thumbnail","hentry","category-efemerides","category-noticias"],"views":1067,"_links":{"self":[{"href":"http:\/\/colegiosantacecilia.cl\/new\/wp-json\/wp\/v2\/posts\/4208","targetHints":{"allow":["GET"]}}],"collection":[{"href":"http:\/\/colegiosantacecilia.cl\/new\/wp-json\/wp\/v2\/posts"}],"about":[{"href":"http:\/\/colegiosantacecilia.cl\/new\/wp-json\/wp\/v2\/types\/post"}],"author":[{"embeddable":true,"href":"http:\/\/colegiosantacecilia.cl\/new\/wp-json\/wp\/v2\/users\/1"}],"replies":[{"embeddable":true,"href":"http:\/\/colegiosantacecilia.cl\/new\/wp-json\/wp\/v2\/comments?post=4208"}],"version-history":[{"count":1,"href":"http:\/\/colegiosantacecilia.cl\/new\/wp-json\/wp\/v2\/posts\/4208\/revisions"}],"predecessor-version":[{"id":4212,"href":"http:\/\/colegiosantacecilia.cl\/new\/wp-json\/wp\/v2\/posts\/4208\/revisions\/4212"}],"wp:featuredmedia":[{"embeddable":true,"href":"http:\/\/colegiosantacecilia.cl\/new\/wp-json\/wp\/v2\/media\/4210"}],"wp:attachment":[{"href":"http:\/\/colegiosantacecilia.cl\/new\/wp-json\/wp\/v2\/media?parent=4208"}],"wp:term":[{"taxonomy":"category","embeddable":true,"href":"http:\/\/colegiosantacecilia.cl\/new\/wp-json\/wp\/v2\/categories?post=4208"},{"taxonomy":"post_tag","embeddable":true,"href":"http:\/\/colegiosantacecilia.cl\/new\/wp-json\/wp\/v2\/tags?post=4208"}],"curies":[{"name":"wp","href":"https:\/\/api.w.org\/{rel}","templated":true}]}}