{"id":4516,"date":"2023-04-25T21:01:17","date_gmt":"2023-04-26T01:01:17","guid":{"rendered":"http:\/\/colegiosantacecilia.cl\/new\/?p=4516"},"modified":"2023-04-25T21:05:54","modified_gmt":"2023-04-26T01:05:54","slug":"celebracion-del-dia-del-libro-2023","status":"publish","type":"post","link":"http:\/\/colegiosantacecilia.cl\/new\/celebracion-del-dia-del-libro-2023\/","title":{"rendered":"Celebraci\u00f3n del D\u00eda del Libro 2023"},"content":{"rendered":"<p>El pasado viernes 21 de abril celebramos el D\u00eda Internacional del Libro y el Derecho de Autor. En la instancia organizada por profesores de Lenguaje y Comunicaci\u00f3n con el apoyo de las docentes de Ingl\u00e9s y Coordinaci\u00f3n Acad\u00e9mica \u00a0que buscaba fomentar la lectura. Estudiantes y profesores asistieron con disfraces de tem\u00e1tica literaria y pudieron participar de stands y diferentes talleres.<\/p>\n<p>Este d\u00eda fue la ocasi\u00f3n propicia para entregar un in\u00e9dito reconocimiento a Julia P\u00e1ez, hist\u00f3rica bibliotecaria de nuestro colegio que cumpli\u00f3 30 a\u00f1os de servicio acompa\u00f1ando, cuidando y motivando en las estudiantes su amor por la lectura.<\/p>\n<p><img fetchpriority=\"high\" decoding=\"async\" src=\"http:\/\/colegiosantacecilia.cl\/new\/wp-content\/uploads\/2023\/04\/IMG_4866-1024x1024.jpg\" alt=\"\" width=\"750\" height=\"750\" class=\"size-large wp-image-4520 aligncenter\" srcset=\"http:\/\/colegiosantacecilia.cl\/new\/wp-content\/uploads\/2023\/04\/IMG_4866-1024x1024.jpg 1024w, http:\/\/colegiosantacecilia.cl\/new\/wp-content\/uploads\/2023\/04\/IMG_4866-150x150.jpg 150w, http:\/\/colegiosantacecilia.cl\/new\/wp-content\/uploads\/2023\/04\/IMG_4866-300x300.jpg 300w, http:\/\/colegiosantacecilia.cl\/new\/wp-content\/uploads\/2023\/04\/IMG_4866-768x768.jpg 768w, http:\/\/colegiosantacecilia.cl\/new\/wp-content\/uploads\/2023\/04\/IMG_4866.jpg 1393w\" sizes=\"(max-width: 750px) 100vw, 750px\" \/><\/p>\n<p>Uno de los talleres con mayor convocatoria fue el de creaci\u00f3n de t\u00edteres con calcetines en donde las estudiantes pudieron demostrar su creatividad y talento para las manualidades. Las actividades finalizaron con la presentaci\u00f3n de la obra de teatro &#8220;El Gigante Ego\u00edsta&#8221; en la cual particip\u00f3 todo el colegio.<\/p>\n<p>Agradecemos a todos quienes hicieron posible esta celebraci\u00f3n, especialmente a nuestras estudiantes y sus familias.<\/p>\n<hr \/>\n<p>Todas las fotos:<\/p>\n<p><a data-flickr-embed=\"true\" href=\"https:\/\/www.flickr.com\/photos\/colegiosantacecilia\/albums\/72177720307702021\" title=\"D\u00eda del Libro 2023\"><img decoding=\"async\" src=\"https:\/\/live.staticflickr.com\/65535\/52837465012_c8f58f5940_c.jpg\" width=\"800\" height=\"600\" alt=\"D\u00eda del Libro 2023\" \/><\/a><script async src=\"\/\/embedr.flickr.com\/assets\/client-code.js\" charset=\"utf-8\"><\/script><\/p>\n","protected":false},"excerpt":{"rendered":"<p>El pasado viernes 21 de abril celebramos el D\u00eda Internacional del Libro y el Derecho de Autor. En la instancia organizada por profesores de Lenguaje y Comunicaci\u00f3n con el apoyo de las docentes de Ingl\u00e9s y Coordinaci\u00f3n Acad\u00e9mica \u00a0que buscaba fomentar la lectura. Estudiantes y profesores asistieron con disfraces de [&hellip;]<\/p>\n","protected":false},"author":1,"featured_media":4519,"comment_status":"closed","ping_status":"closed","sticky":false,"template":"","format":"standard","meta":{"footnotes":""},"categories":[3],"tags":[],"class_list":["post-4516","post","type-post","status-publish","format-standard","has-post-thumbnail","hentry","category-noticias"],"views":871,"_links":{"self":[{"href":"http:\/\/colegiosantacecilia.cl\/new\/wp-json\/wp\/v2\/posts\/4516","targetHints":{"allow":["GET"]}}],"collection":[{"href":"http:\/\/colegiosantacecilia.cl\/new\/wp-json\/wp\/v2\/posts"}],"about":[{"href":"http:\/\/colegiosantacecilia.cl\/new\/wp-json\/wp\/v2\/types\/post"}],"author":[{"embeddable":true,"href":"http:\/\/colegiosantacecilia.cl\/new\/wp-json\/wp\/v2\/users\/1"}],"replies":[{"embeddable":true,"href":"http:\/\/colegiosantacecilia.cl\/new\/wp-json\/wp\/v2\/comments?post=4516"}],"version-history":[{"count":3,"href":"http:\/\/colegiosantacecilia.cl\/new\/wp-json\/wp\/v2\/posts\/4516\/revisions"}],"predecessor-version":[{"id":4521,"href":"http:\/\/colegiosantacecilia.cl\/new\/wp-json\/wp\/v2\/posts\/4516\/revisions\/4521"}],"wp:featuredmedia":[{"embeddable":true,"href":"http:\/\/colegiosantacecilia.cl\/new\/wp-json\/wp\/v2\/media\/4519"}],"wp:attachment":[{"href":"http:\/\/colegiosantacecilia.cl\/new\/wp-json\/wp\/v2\/media?parent=4516"}],"wp:term":[{"taxonomy":"category","embeddable":true,"href":"http:\/\/colegiosantacecilia.cl\/new\/wp-json\/wp\/v2\/categories?post=4516"},{"taxonomy":"post_tag","embeddable":true,"href":"http:\/\/colegiosantacecilia.cl\/new\/wp-json\/wp\/v2\/tags?post=4516"}],"curies":[{"name":"wp","href":"https:\/\/api.w.org\/{rel}","templated":true}]}}