{"id":5685,"date":"2024-08-02T08:11:34","date_gmt":"2024-08-02T12:11:34","guid":{"rendered":"https:\/\/colegiosantacecilia.cl\/new\/?p=5685"},"modified":"2025-03-12T14:31:44","modified_gmt":"2025-03-12T18:31:44","slug":"comunicado-suspension-de-clases-rm","status":"publish","type":"post","link":"http:\/\/colegiosantacecilia.cl\/new\/comunicado-suspension-de-clases-rm\/","title":{"rendered":"Comunicado Suspensi\u00f3n de Clases RM"},"content":{"rendered":"<p>A la Familia Ceciliana:<\/p>\n<p>Compartimos el anuncio con el cual despertamos esta ma\u00f1ana: La autoridad ministerial suspende las clases en la Regi\u00f3n Metropolitana en establecimientos educacionales de toda dependencia por consecuencias derivadas del sistema frontal de alta intensidad.<\/p>\n<p>Esperamos que todos est\u00e9n bien y a salvo en sus casas. La vacunaci\u00f3n a cargo del CESFAM Ignacio Domeyko ser\u00e1 reagendada.<\/p>\n<p>El Bingo del CGPA que se realizar\u00eda ma\u00f1ana s\u00e1bado 3 de agosto, se mover\u00e1 una semana, realiz\u00e1ndose bajo las mismas condiciones, el s\u00e1bado 10 de agosto.<\/p>\n<div dir=\"auto\"><img fetchpriority=\"high\" decoding=\"async\" src=\"http:\/\/colegiosantacecilia.cl\/new\/wp-content\/uploads\/2024\/08\/94bbc22b-7456-470c-b5ee-d393f7c964f1-1-832x1024.jpeg\" alt=\"\" width=\"750\" height=\"923\" class=\"alignleft size-large wp-image-5687\" srcset=\"http:\/\/colegiosantacecilia.cl\/new\/wp-content\/uploads\/2024\/08\/94bbc22b-7456-470c-b5ee-d393f7c964f1-1-832x1024.jpeg 832w, http:\/\/colegiosantacecilia.cl\/new\/wp-content\/uploads\/2024\/08\/94bbc22b-7456-470c-b5ee-d393f7c964f1-1-244x300.jpeg 244w, http:\/\/colegiosantacecilia.cl\/new\/wp-content\/uploads\/2024\/08\/94bbc22b-7456-470c-b5ee-d393f7c964f1-1-768x945.jpeg 768w, http:\/\/colegiosantacecilia.cl\/new\/wp-content\/uploads\/2024\/08\/94bbc22b-7456-470c-b5ee-d393f7c964f1-1.jpeg 1040w\" sizes=\"(max-width: 750px) 100vw, 750px\" \/><\/div>\n","protected":false},"excerpt":{"rendered":"<p>A la Familia Ceciliana: Compartimos el anuncio con el cual despertamos esta ma\u00f1ana: La autoridad ministerial suspende las clases en la Regi\u00f3n Metropolitana en establecimientos educacionales de toda dependencia por consecuencias derivadas del sistema frontal de alta intensidad. Esperamos que todos est\u00e9n bien y a salvo en sus casas. La [&hellip;]<\/p>\n","protected":false},"author":1,"featured_media":5686,"comment_status":"closed","ping_status":"closed","sticky":false,"template":"","format":"standard","meta":{"footnotes":""},"categories":[31,3],"tags":[],"class_list":["post-5685","post","type-post","status-publish","format-standard","has-post-thumbnail","hentry","category-comunicados","category-noticias"],"views":880,"_links":{"self":[{"href":"http:\/\/colegiosantacecilia.cl\/new\/wp-json\/wp\/v2\/posts\/5685","targetHints":{"allow":["GET"]}}],"collection":[{"href":"http:\/\/colegiosantacecilia.cl\/new\/wp-json\/wp\/v2\/posts"}],"about":[{"href":"http:\/\/colegiosantacecilia.cl\/new\/wp-json\/wp\/v2\/types\/post"}],"author":[{"embeddable":true,"href":"http:\/\/colegiosantacecilia.cl\/new\/wp-json\/wp\/v2\/users\/1"}],"replies":[{"embeddable":true,"href":"http:\/\/colegiosantacecilia.cl\/new\/wp-json\/wp\/v2\/comments?post=5685"}],"version-history":[{"count":5,"href":"http:\/\/colegiosantacecilia.cl\/new\/wp-json\/wp\/v2\/posts\/5685\/revisions"}],"predecessor-version":[{"id":5692,"href":"http:\/\/colegiosantacecilia.cl\/new\/wp-json\/wp\/v2\/posts\/5685\/revisions\/5692"}],"wp:featuredmedia":[{"embeddable":true,"href":"http:\/\/colegiosantacecilia.cl\/new\/wp-json\/wp\/v2\/media\/5686"}],"wp:attachment":[{"href":"http:\/\/colegiosantacecilia.cl\/new\/wp-json\/wp\/v2\/media?parent=5685"}],"wp:term":[{"taxonomy":"category","embeddable":true,"href":"http:\/\/colegiosantacecilia.cl\/new\/wp-json\/wp\/v2\/categories?post=5685"},{"taxonomy":"post_tag","embeddable":true,"href":"http:\/\/colegiosantacecilia.cl\/new\/wp-json\/wp\/v2\/tags?post=5685"}],"curies":[{"name":"wp","href":"https:\/\/api.w.org\/{rel}","templated":true}]}}